{"id":1253,"date":"2021-09-30T08:08:02","date_gmt":"2021-09-30T06:08:02","guid":{"rendered":"https:\/\/alinea-avocats.eu\/?p=1253"},"modified":"2022-06-24T15:35:52","modified_gmt":"2022-06-24T13:35:52","slug":"alinea-intervient-au-133eme-congres-national-des-greffiers-des-tribunaux-de-commerce","status":"publish","type":"post","link":"https:\/\/alinea-avocats.eu\/fr\/actualite\/alinea-intervient-au-133eme-congres-national-des-greffiers-des-tribunaux-de-commerce\/","title":{"rendered":"Alinea intervient au 133\u00e8me congr\u00e8s national des greffiers des Tribunaux de commerce"},"content":{"rendered":"<p style=\"text-align: justify;\">Ce jeudi 30 septembre 2021, Ma\u00eetre Jo\u00ebl Moret-Bailly, avocat associ\u00e9 du cabinet, intervient au congr\u00e8s national des greffiers des Tribunaux de commerce, intitul\u00e9\u00a0: \u00ab\u00a0Le greffier, entrepreneur de confiance du service public\u00a0\u00bb sur le th\u00e8me\u00a0\u00ab\u00a0R\u00e9glementation de l\u2019exercice de la profession, paradoxe ou modernit\u00e9 ?\u00a0\u00bb.<\/p>\n","protected":false},"excerpt":{"rendered":"<p>Ce jeudi 30 septembre 2021, Ma\u00eetre Jo\u00ebl Moret-Bailly, avocat associ\u00e9 du cabinet, intervient au congr\u00e8s national des greffiers des Tribunaux de commerce, intitul\u00e9\u00a0: \u00ab\u00a0Le greffier, entrepreneur de confiance du service public\u00a0\u00bb sur le th\u00e8me\u00a0\u00ab\u00a0R\u00e9glementation de l\u2019exercice de la profession, paradoxe ou modernit\u00e9 ?\u00a0\u00bb.<\/p>\n","protected":false},"author":3,"featured_media":0,"comment_status":"closed","ping_status":"closed","sticky":false,"template":"","format":"standard","meta":{"_acf_changed":false,"footnotes":""},"categories":[1],"tags":[],"class_list":["post-1253","post","type-post","status-publish","format-standard","hentry","category-actualite"],"acf":[],"yoast_head":"<!-- This site is optimized with the Yoast SEO plugin v27.1.1 - https:\/\/yoast.com\/product\/yoast-seo-wordpress\/ -->\n<title>Alinea intervient au 133\u00e8me congr\u00e8s national des greffiers des Tribunaux de commerce - Alinea, Avocats \u00e0 la Cour<\/title>\n<meta name=\"robots\" content=\"index, follow, max-snippet:-1, max-image-preview:large, max-video-preview:-1\" \/>\n<link rel=\"canonical\" href=\"https:\/\/alinea-avocats.eu\/fr\/actualite\/alinea-intervient-au-133eme-congres-national-des-greffiers-des-tribunaux-de-commerce\/\" \/>\n<meta property=\"og:locale\" content=\"fr_FR\" \/>\n<meta property=\"og:type\" content=\"article\" \/>\n<meta property=\"og:title\" content=\"Alinea intervient au 133\u00e8me congr\u00e8s national des greffiers des Tribunaux de commerce - Alinea, Avocats \u00e0 la Cour\" \/>\n<meta property=\"og:description\" content=\"Ce jeudi 30 septembre 2021, Ma\u00eetre Jo\u00ebl Moret-Bailly, avocat associ\u00e9 du cabinet, intervient au congr\u00e8s national des greffiers des Tribunaux de commerce, intitul\u00e9\u00a0: \u00ab\u00a0Le greffier, entrepreneur de confiance du service public\u00a0\u00bb sur le th\u00e8me\u00a0\u00ab\u00a0R\u00e9glementation de l\u2019exercice de la profession, paradoxe ou modernit\u00e9 ?\u00a0\u00bb.\" \/>\n<meta property=\"og:url\" content=\"https:\/\/alinea-avocats.eu\/fr\/actualite\/alinea-intervient-au-133eme-congres-national-des-greffiers-des-tribunaux-de-commerce\/\" \/>\n<meta property=\"og:site_name\" content=\"Alinea, Avocats \u00e0 la Cour\" \/>\n<meta property=\"article:published_time\" content=\"2021-09-30T06:08:02+00:00\" \/>\n<meta property=\"article:modified_time\" content=\"2022-06-24T13:35:52+00:00\" \/>\n<meta name=\"author\" content=\"pierre.morrier@alinea-avocats.com\" \/>\n<meta name=\"twitter:card\" content=\"summary_large_image\" \/>\n<meta name=\"twitter:label1\" content=\"\u00c9crit par\" \/>\n\t<meta name=\"twitter:data1\" content=\"pierre.morrier@alinea-avocats.com\" \/>\n<script type=\"application\/ld+json\" class=\"yoast-schema-graph\">{\"@context\":\"https:\/\/schema.org\",\"@graph\":[{\"@type\":\"Article\",\"@id\":\"https:\/\/alinea-avocats.eu\/fr\/actualite\/alinea-intervient-au-133eme-congres-national-des-greffiers-des-tribunaux-de-commerce\/#article\",\"isPartOf\":{\"@id\":\"https:\/\/alinea-avocats.eu\/fr\/actualite\/alinea-intervient-au-133eme-congres-national-des-greffiers-des-tribunaux-de-commerce\/\"},\"author\":{\"name\":\"pierre.morrier@alinea-avocats.com\",\"@id\":\"https:\/\/alinea-avocats.eu\/fr\/#\/schema\/person\/cb71dc6f6be467cb2550059aa7cd1c49\"},\"headline\":\"Alinea intervient au 133\u00e8me congr\u00e8s national des greffiers des Tribunaux de commerce\",\"datePublished\":\"2021-09-30T06:08:02+00:00\",\"dateModified\":\"2022-06-24T13:35:52+00:00\",\"mainEntityOfPage\":{\"@id\":\"https:\/\/alinea-avocats.eu\/fr\/actualite\/alinea-intervient-au-133eme-congres-national-des-greffiers-des-tribunaux-de-commerce\/\"},\"wordCount\":60,\"publisher\":{\"@id\":\"https:\/\/alinea-avocats.eu\/fr\/#organization\"},\"articleSection\":[\"Actualit\u00e9\"],\"inLanguage\":\"fr-FR\"},{\"@type\":\"WebPage\",\"@id\":\"https:\/\/alinea-avocats.eu\/fr\/actualite\/alinea-intervient-au-133eme-congres-national-des-greffiers-des-tribunaux-de-commerce\/\",\"url\":\"https:\/\/alinea-avocats.eu\/fr\/actualite\/alinea-intervient-au-133eme-congres-national-des-greffiers-des-tribunaux-de-commerce\/\",\"name\":\"Alinea intervient au 133\u00e8me congr\u00e8s national des greffiers des Tribunaux de commerce - Alinea, Avocats \u00e0 la Cour\",\"isPartOf\":{\"@id\":\"https:\/\/alinea-avocats.eu\/fr\/#website\"},\"datePublished\":\"2021-09-30T06:08:02+00:00\",\"dateModified\":\"2022-06-24T13:35:52+00:00\",\"breadcrumb\":{\"@id\":\"https:\/\/alinea-avocats.eu\/fr\/actualite\/alinea-intervient-au-133eme-congres-national-des-greffiers-des-tribunaux-de-commerce\/#breadcrumb\"},\"inLanguage\":\"fr-FR\",\"potentialAction\":[{\"@type\":\"ReadAction\",\"target\":[\"https:\/\/alinea-avocats.eu\/fr\/actualite\/alinea-intervient-au-133eme-congres-national-des-greffiers-des-tribunaux-de-commerce\/\"]}]},{\"@type\":\"BreadcrumbList\",\"@id\":\"https:\/\/alinea-avocats.eu\/fr\/actualite\/alinea-intervient-au-133eme-congres-national-des-greffiers-des-tribunaux-de-commerce\/#breadcrumb\",\"itemListElement\":[{\"@type\":\"ListItem\",\"position\":1,\"name\":\"Accueil\",\"item\":\"https:\/\/alinea-avocats.eu\/fr\/\"},{\"@type\":\"ListItem\",\"position\":2,\"name\":\"Alinea intervient au 133\u00e8me congr\u00e8s national des greffiers des Tribunaux de commerce\"}]},{\"@type\":\"WebSite\",\"@id\":\"https:\/\/alinea-avocats.eu\/fr\/#website\",\"url\":\"https:\/\/alinea-avocats.eu\/fr\/\",\"name\":\"Alinea, Avocats \u00e0 la Cour\",\"description\":\"Avocats associ\u00e9s\",\"publisher\":{\"@id\":\"https:\/\/alinea-avocats.eu\/fr\/#organization\"},\"potentialAction\":[{\"@type\":\"SearchAction\",\"target\":{\"@type\":\"EntryPoint\",\"urlTemplate\":\"https:\/\/alinea-avocats.eu\/fr\/?s={search_term_string}\"},\"query-input\":{\"@type\":\"PropertyValueSpecification\",\"valueRequired\":true,\"valueName\":\"search_term_string\"}}],\"inLanguage\":\"fr-FR\"},{\"@type\":\"Organization\",\"@id\":\"https:\/\/alinea-avocats.eu\/fr\/#organization\",\"name\":\"Alinea, Avocats \u00e0 la Cour\",\"url\":\"https:\/\/alinea-avocats.eu\/fr\/\",\"logo\":{\"@type\":\"ImageObject\",\"inLanguage\":\"fr-FR\",\"@id\":\"https:\/\/alinea-avocats.eu\/fr\/#\/schema\/logo\/image\/\",\"url\":\"https:\/\/alinea-avocats.eu\/wp-content\/uploads\/2023\/08\/AAA.png\",\"contentUrl\":\"https:\/\/alinea-avocats.eu\/wp-content\/uploads\/2023\/08\/AAA.png\",\"width\":1145,\"height\":512,\"caption\":\"Alinea, Avocats \u00e0 la Cour\"},\"image\":{\"@id\":\"https:\/\/alinea-avocats.eu\/fr\/#\/schema\/logo\/image\/\"}},{\"@type\":\"Person\",\"@id\":\"https:\/\/alinea-avocats.eu\/fr\/#\/schema\/person\/cb71dc6f6be467cb2550059aa7cd1c49\",\"name\":\"pierre.morrier@alinea-avocats.com\",\"image\":{\"@type\":\"ImageObject\",\"inLanguage\":\"fr-FR\",\"@id\":\"https:\/\/alinea-avocats.eu\/fr\/#\/schema\/person\/image\/\",\"url\":\"https:\/\/secure.gravatar.com\/avatar\/3aa545e0574edbc9840449c1c8ed20b263a94b536e7f60b184e4df897e5c635f?s=96&d=mm&r=g\",\"contentUrl\":\"https:\/\/secure.gravatar.com\/avatar\/3aa545e0574edbc9840449c1c8ed20b263a94b536e7f60b184e4df897e5c635f?s=96&d=mm&r=g\",\"caption\":\"pierre.morrier@alinea-avocats.com\"}}]}<\/script>\n<!-- \/ Yoast SEO plugin. -->","yoast_head_json":{"title":"Alinea intervient au 133\u00e8me congr\u00e8s national des greffiers des Tribunaux de commerce - Alinea, Avocats \u00e0 la Cour","robots":{"index":"index","follow":"follow","max-snippet":"max-snippet:-1","max-image-preview":"max-image-preview:large","max-video-preview":"max-video-preview:-1"},"canonical":"https:\/\/alinea-avocats.eu\/fr\/actualite\/alinea-intervient-au-133eme-congres-national-des-greffiers-des-tribunaux-de-commerce\/","og_locale":"fr_FR","og_type":"article","og_title":"Alinea intervient au 133\u00e8me congr\u00e8s national des greffiers des Tribunaux de commerce - Alinea, Avocats \u00e0 la Cour","og_description":"Ce jeudi 30 septembre 2021, Ma\u00eetre Jo\u00ebl Moret-Bailly, avocat associ\u00e9 du cabinet, intervient au congr\u00e8s national des greffiers des Tribunaux de commerce, intitul\u00e9\u00a0: \u00ab\u00a0Le greffier, entrepreneur de confiance du service public\u00a0\u00bb sur le th\u00e8me\u00a0\u00ab\u00a0R\u00e9glementation de l\u2019exercice de la profession, paradoxe ou modernit\u00e9 ?\u00a0\u00bb.","og_url":"https:\/\/alinea-avocats.eu\/fr\/actualite\/alinea-intervient-au-133eme-congres-national-des-greffiers-des-tribunaux-de-commerce\/","og_site_name":"Alinea, Avocats \u00e0 la Cour","article_published_time":"2021-09-30T06:08:02+00:00","article_modified_time":"2022-06-24T13:35:52+00:00","author":"pierre.morrier@alinea-avocats.com","twitter_card":"summary_large_image","twitter_misc":{"\u00c9crit par":"pierre.morrier@alinea-avocats.com"},"schema":{"@context":"https:\/\/schema.org","@graph":[{"@type":"Article","@id":"https:\/\/alinea-avocats.eu\/fr\/actualite\/alinea-intervient-au-133eme-congres-national-des-greffiers-des-tribunaux-de-commerce\/#article","isPartOf":{"@id":"https:\/\/alinea-avocats.eu\/fr\/actualite\/alinea-intervient-au-133eme-congres-national-des-greffiers-des-tribunaux-de-commerce\/"},"author":{"name":"pierre.morrier@alinea-avocats.com","@id":"https:\/\/alinea-avocats.eu\/fr\/#\/schema\/person\/cb71dc6f6be467cb2550059aa7cd1c49"},"headline":"Alinea intervient au 133\u00e8me congr\u00e8s national des greffiers des Tribunaux de commerce","datePublished":"2021-09-30T06:08:02+00:00","dateModified":"2022-06-24T13:35:52+00:00","mainEntityOfPage":{"@id":"https:\/\/alinea-avocats.eu\/fr\/actualite\/alinea-intervient-au-133eme-congres-national-des-greffiers-des-tribunaux-de-commerce\/"},"wordCount":60,"publisher":{"@id":"https:\/\/alinea-avocats.eu\/fr\/#organization"},"articleSection":["Actualit\u00e9"],"inLanguage":"fr-FR"},{"@type":"WebPage","@id":"https:\/\/alinea-avocats.eu\/fr\/actualite\/alinea-intervient-au-133eme-congres-national-des-greffiers-des-tribunaux-de-commerce\/","url":"https:\/\/alinea-avocats.eu\/fr\/actualite\/alinea-intervient-au-133eme-congres-national-des-greffiers-des-tribunaux-de-commerce\/","name":"Alinea intervient au 133\u00e8me congr\u00e8s national des greffiers des Tribunaux de commerce - Alinea, Avocats \u00e0 la Cour","isPartOf":{"@id":"https:\/\/alinea-avocats.eu\/fr\/#website"},"datePublished":"2021-09-30T06:08:02+00:00","dateModified":"2022-06-24T13:35:52+00:00","breadcrumb":{"@id":"https:\/\/alinea-avocats.eu\/fr\/actualite\/alinea-intervient-au-133eme-congres-national-des-greffiers-des-tribunaux-de-commerce\/#breadcrumb"},"inLanguage":"fr-FR","potentialAction":[{"@type":"ReadAction","target":["https:\/\/alinea-avocats.eu\/fr\/actualite\/alinea-intervient-au-133eme-congres-national-des-greffiers-des-tribunaux-de-commerce\/"]}]},{"@type":"BreadcrumbList","@id":"https:\/\/alinea-avocats.eu\/fr\/actualite\/alinea-intervient-au-133eme-congres-national-des-greffiers-des-tribunaux-de-commerce\/#breadcrumb","itemListElement":[{"@type":"ListItem","position":1,"name":"Accueil","item":"https:\/\/alinea-avocats.eu\/fr\/"},{"@type":"ListItem","position":2,"name":"Alinea intervient au 133\u00e8me congr\u00e8s national des greffiers des Tribunaux de commerce"}]},{"@type":"WebSite","@id":"https:\/\/alinea-avocats.eu\/fr\/#website","url":"https:\/\/alinea-avocats.eu\/fr\/","name":"Alinea, Avocats \u00e0 la Cour","description":"Avocats associ\u00e9s","publisher":{"@id":"https:\/\/alinea-avocats.eu\/fr\/#organization"},"potentialAction":[{"@type":"SearchAction","target":{"@type":"EntryPoint","urlTemplate":"https:\/\/alinea-avocats.eu\/fr\/?s={search_term_string}"},"query-input":{"@type":"PropertyValueSpecification","valueRequired":true,"valueName":"search_term_string"}}],"inLanguage":"fr-FR"},{"@type":"Organization","@id":"https:\/\/alinea-avocats.eu\/fr\/#organization","name":"Alinea, Avocats \u00e0 la Cour","url":"https:\/\/alinea-avocats.eu\/fr\/","logo":{"@type":"ImageObject","inLanguage":"fr-FR","@id":"https:\/\/alinea-avocats.eu\/fr\/#\/schema\/logo\/image\/","url":"https:\/\/alinea-avocats.eu\/wp-content\/uploads\/2023\/08\/AAA.png","contentUrl":"https:\/\/alinea-avocats.eu\/wp-content\/uploads\/2023\/08\/AAA.png","width":1145,"height":512,"caption":"Alinea, Avocats \u00e0 la Cour"},"image":{"@id":"https:\/\/alinea-avocats.eu\/fr\/#\/schema\/logo\/image\/"}},{"@type":"Person","@id":"https:\/\/alinea-avocats.eu\/fr\/#\/schema\/person\/cb71dc6f6be467cb2550059aa7cd1c49","name":"pierre.morrier@alinea-avocats.com","image":{"@type":"ImageObject","inLanguage":"fr-FR","@id":"https:\/\/alinea-avocats.eu\/fr\/#\/schema\/person\/image\/","url":"https:\/\/secure.gravatar.com\/avatar\/3aa545e0574edbc9840449c1c8ed20b263a94b536e7f60b184e4df897e5c635f?s=96&d=mm&r=g","contentUrl":"https:\/\/secure.gravatar.com\/avatar\/3aa545e0574edbc9840449c1c8ed20b263a94b536e7f60b184e4df897e5c635f?s=96&d=mm&r=g","caption":"pierre.morrier@alinea-avocats.com"}}]}},"tagsName":null,"truncatedText":"Ce jeudi 30 septembre 2021, Ma\u00eetre Jo\u00ebl Moret-Bailly, avocat associ\u00e9 du cabinet, intervient au congr\u00e8s national des greffiers des Tribunaux de commerce, intitul\u00e9\u00a0: \u00ab\u00a0Le greffier, entrepreneur de confiance du service public\u00a0\u00bb sur le&hellip;","dateFormatted":"30 septembre 2021","_links":{"self":[{"href":"https:\/\/alinea-avocats.eu\/fr\/wp-json\/wp\/v2\/posts\/1253","targetHints":{"allow":["GET"]}}],"collection":[{"href":"https:\/\/alinea-avocats.eu\/fr\/wp-json\/wp\/v2\/posts"}],"about":[{"href":"https:\/\/alinea-avocats.eu\/fr\/wp-json\/wp\/v2\/types\/post"}],"author":[{"embeddable":true,"href":"https:\/\/alinea-avocats.eu\/fr\/wp-json\/wp\/v2\/users\/3"}],"replies":[{"embeddable":true,"href":"https:\/\/alinea-avocats.eu\/fr\/wp-json\/wp\/v2\/comments?post=1253"}],"version-history":[{"count":2,"href":"https:\/\/alinea-avocats.eu\/fr\/wp-json\/wp\/v2\/posts\/1253\/revisions"}],"predecessor-version":[{"id":1352,"href":"https:\/\/alinea-avocats.eu\/fr\/wp-json\/wp\/v2\/posts\/1253\/revisions\/1352"}],"wp:attachment":[{"href":"https:\/\/alinea-avocats.eu\/fr\/wp-json\/wp\/v2\/media?parent=1253"}],"wp:term":[{"taxonomy":"category","embeddable":true,"href":"https:\/\/alinea-avocats.eu\/fr\/wp-json\/wp\/v2\/categories?post=1253"},{"taxonomy":"post_tag","embeddable":true,"href":"https:\/\/alinea-avocats.eu\/fr\/wp-json\/wp\/v2\/tags?post=1253"}],"curies":[{"name":"wp","href":"https:\/\/api.w.org\/{rel}","templated":true}]}}