{"id":1645,"date":"2023-09-01T15:17:34","date_gmt":"2023-09-01T13:17:34","guid":{"rendered":"https:\/\/alinea-avocats.eu\/?p=1645"},"modified":"2026-03-30T09:55:11","modified_gmt":"2026-03-30T07:55:11","slug":"parution-de-louvrage-deontologie-de-lavocat-par-j-moret-bailly-et-s-bortoluzzi","status":"publish","type":"post","link":"https:\/\/alinea-avocats.eu\/fr\/actualite\/parution-de-louvrage-deontologie-de-lavocat-par-j-moret-bailly-et-s-bortoluzzi\/","title":{"rendered":"Parution de l\u2019ouvrage \u00abD\u00e9ontologie de l&rsquo;avocat\u00bb par J. Moret-Bailly et S. Bortoluzzi"},"content":{"rendered":"<p><img loading=\"lazy\" decoding=\"async\" class=\"aligncenter wp-image-1646\" src=\"https:\/\/alinea-avocats.eu\/wp-content\/uploads\/2023\/09\/1693383567558.jpg\" alt=\"\" width=\"251\" height=\"372\" srcset=\"https:\/\/alinea-avocats.eu\/wp-content\/uploads\/2023\/09\/1693383567558.jpg 540w, https:\/\/alinea-avocats.eu\/wp-content\/uploads\/2023\/09\/1693383567558-203x300.jpg 203w\" sizes=\"auto, (max-width: 251px) 100vw, 251px\" \/><\/p>\n<p>&nbsp;<\/p>\n<p>Nous sommes heureux de vous annoncer la parution du <strong>dernier ouvrage de Jo\u00ebl Moret-Bailly<\/strong><a href=\"#_ftn1\" name=\"_ftnref1\">[1]<\/a>, avocat associ\u00e9 au sein de notre cabinet, co-\u00e9crit avec St\u00e9phane Bortoluzzi.<\/p>\n<p>Cet ouvrage, consacr\u00e9 \u00e0 la <strong>\u00ab D\u00e9ontologie de l&rsquo;avocat \u00bb,<\/strong> est \u00e0 jour des <strong>dispositions du d\u00e9cret du 30 juin 2023 portant code de d\u00e9ontologie des avocats<\/strong>, et vise essentiellement les professionnels et les \u00e9tudiants pr\u00e9parant l\u2019\u00e9preuve de d\u00e9ontologie du CAPA.<\/p>\n<p>&nbsp;<\/p>\n<p><u>Ci-dessous la quatri\u00e8me de couverture<\/u>\u00a0:<\/p>\n<p><em>\u00ab\u00a0La d\u00e9ontologie est consubstantielle de l\u2019exercice de la profession d\u2019avocat, profession lib\u00e9rale et ind\u00e9pendante. L\u2019ouvrage en propose une d\u00e9finition \u00e0 partir du droit positif, un \u00e9clairage historique, un expos\u00e9 des sources et de son champ d\u2019application (statut, activit\u00e9s professionnelles, structures, vie priv\u00e9e).<\/em><\/p>\n<p><em>La d\u00e9ontologie comporte 17 \u00ab principes essentiels \u00bb qui guident le comportement de l\u2019avocat en toutes circonstances, dont les cinq principes du serment : dignit\u00e9, conscience, ind\u00e9pendance, probit\u00e9 et humanit\u00e9. Dans l\u2019int\u00e9r\u00eat du client, une protection particuli\u00e8re est accord\u00e9e au secret professionnel de l\u2019avocat et \u00e0 la confidentialit\u00e9 de ses correspondances.<\/em><\/p>\n<p><em>Ces principes se d\u00e9clinent \u00e9galement dans des r\u00e8gles relatives aux devoirs envers les clients, envers la partie adverse, envers les confr\u00e8res et les magistrats, aux relations avec l\u2019administration ainsi qu\u2019\u00e0 la communication de l\u2019avocat.<\/em><\/p>\n<p><em>Enfin, la d\u00e9ontologie est mise en \u0153uvre et contr\u00f4l\u00e9e dans un cadre interne \u00e0 la profession, essentiellement ordinal, mais \u00e9galement disciplinaire. Les fautes civiles commises par l\u2019avocat peuvent \u00e9galement justifier la mise en \u0153uvre de sa responsabilit\u00e9 civile, ainsi que des sanctions p\u00e9nales ou administratives.\u00a0\u00bb<\/em><\/p>\n<p><a href=\"#_ftnref1\" name=\"_ftn1\">[1]<\/a> \u00ab\u00a0D\u00e9ontologie de l&rsquo;avocat\u00a0\u00bb, J. Moret-Bailly et S. Bortoluzzi, PUF, coll. Droit &amp; D\u00e9ontologie, 2023.<\/p>\n<p>&nbsp;<\/p>\n<p>Plus d&rsquo;informations : <a href=\"https:\/\/lnkd.in\/ehD4X6rS\">ici<\/a><\/p>\n<p><strong>Mots cl\u00e9s<\/strong> : #d\u00e9ontologie #avocat #droit<\/p>\n","protected":false},"excerpt":{"rendered":"<p>&nbsp; Nous sommes heureux de vous annoncer la parution du dernier ouvrage de Jo\u00ebl Moret-Bailly[1], avocat associ\u00e9 au sein de notre cabinet, co-\u00e9crit avec St\u00e9phane Bortoluzzi. Cet ouvrage, consacr\u00e9 \u00e0 la \u00ab D\u00e9ontologie de l&rsquo;avocat \u00bb, est \u00e0 jour des dispositions du d\u00e9cret du 30 juin 2023 portant code de d\u00e9ontologie des avocats, et vise [&hellip;]<\/p>\n","protected":false},"author":3,"featured_media":0,"comment_status":"closed","ping_status":"closed","sticky":false,"template":"","format":"standard","meta":{"_acf_changed":false,"footnotes":""},"categories":[1],"tags":[],"class_list":["post-1645","post","type-post","status-publish","format-standard","hentry","category-actualite"],"acf":[],"yoast_head":"<!-- This site is optimized with the Yoast SEO plugin v27.1.1 - https:\/\/yoast.com\/product\/yoast-seo-wordpress\/ -->\n<title>Parution de l\u2019ouvrage \u00abD\u00e9ontologie de l&#039;avocat\u00bb par J. Moret-Bailly et S. Bortoluzzi - Alinea, Avocats \u00e0 la Cour<\/title>\n<meta name=\"robots\" content=\"index, follow, max-snippet:-1, max-image-preview:large, max-video-preview:-1\" \/>\n<link rel=\"canonical\" href=\"https:\/\/alinea-avocats.eu\/fr\/actualite\/parution-de-louvrage-deontologie-de-lavocat-par-j-moret-bailly-et-s-bortoluzzi\/\" \/>\n<meta property=\"og:locale\" content=\"fr_FR\" \/>\n<meta property=\"og:type\" content=\"article\" \/>\n<meta property=\"og:title\" content=\"Parution de l\u2019ouvrage \u00abD\u00e9ontologie de l&#039;avocat\u00bb par J. Moret-Bailly et S. Bortoluzzi - Alinea, Avocats \u00e0 la Cour\" \/>\n<meta property=\"og:description\" content=\"&nbsp; Nous sommes heureux de vous annoncer la parution du dernier ouvrage de Jo\u00ebl Moret-Bailly[1], avocat associ\u00e9 au sein de notre cabinet, co-\u00e9crit avec St\u00e9phane Bortoluzzi. Cet ouvrage, consacr\u00e9 \u00e0 la \u00ab D\u00e9ontologie de l&rsquo;avocat \u00bb, est \u00e0 jour des dispositions du d\u00e9cret du 30 juin 2023 portant code de d\u00e9ontologie des avocats, et vise [&hellip;]\" \/>\n<meta property=\"og:url\" content=\"https:\/\/alinea-avocats.eu\/fr\/actualite\/parution-de-louvrage-deontologie-de-lavocat-par-j-moret-bailly-et-s-bortoluzzi\/\" \/>\n<meta property=\"og:site_name\" content=\"Alinea, Avocats \u00e0 la Cour\" \/>\n<meta property=\"article:published_time\" content=\"2023-09-01T13:17:34+00:00\" \/>\n<meta property=\"article:modified_time\" content=\"2026-03-30T07:55:11+00:00\" \/>\n<meta property=\"og:image\" content=\"https:\/\/alinea-avocats.eu\/wp-content\/uploads\/2023\/09\/1693383567558.jpg\" \/>\n\t<meta property=\"og:image:width\" content=\"540\" \/>\n\t<meta property=\"og:image:height\" content=\"800\" \/>\n\t<meta property=\"og:image:type\" content=\"image\/jpeg\" \/>\n<meta name=\"author\" content=\"pierre.morrier@alinea-avocats.com\" \/>\n<meta name=\"twitter:card\" content=\"summary_large_image\" \/>\n<meta name=\"twitter:label1\" content=\"\u00c9crit par\" \/>\n\t<meta name=\"twitter:data1\" content=\"pierre.morrier@alinea-avocats.com\" \/>\n\t<meta name=\"twitter:label2\" content=\"Dur\u00e9e de lecture estim\u00e9e\" \/>\n\t<meta name=\"twitter:data2\" content=\"2 minutes\" \/>\n<script type=\"application\/ld+json\" class=\"yoast-schema-graph\">{\"@context\":\"https:\/\/schema.org\",\"@graph\":[{\"@type\":\"Article\",\"@id\":\"https:\/\/alinea-avocats.eu\/fr\/actualite\/parution-de-louvrage-deontologie-de-lavocat-par-j-moret-bailly-et-s-bortoluzzi\/#article\",\"isPartOf\":{\"@id\":\"https:\/\/alinea-avocats.eu\/fr\/actualite\/parution-de-louvrage-deontologie-de-lavocat-par-j-moret-bailly-et-s-bortoluzzi\/\"},\"author\":{\"name\":\"pierre.morrier@alinea-avocats.com\",\"@id\":\"https:\/\/alinea-avocats.eu\/fr\/#\/schema\/person\/cb71dc6f6be467cb2550059aa7cd1c49\"},\"headline\":\"Parution de l\u2019ouvrage \u00abD\u00e9ontologie de l&rsquo;avocat\u00bb par J. Moret-Bailly et S. Bortoluzzi\",\"datePublished\":\"2023-09-01T13:17:34+00:00\",\"dateModified\":\"2026-03-30T07:55:11+00:00\",\"mainEntityOfPage\":{\"@id\":\"https:\/\/alinea-avocats.eu\/fr\/actualite\/parution-de-louvrage-deontologie-de-lavocat-par-j-moret-bailly-et-s-bortoluzzi\/\"},\"wordCount\":315,\"publisher\":{\"@id\":\"https:\/\/alinea-avocats.eu\/fr\/#organization\"},\"image\":{\"@id\":\"https:\/\/alinea-avocats.eu\/fr\/actualite\/parution-de-louvrage-deontologie-de-lavocat-par-j-moret-bailly-et-s-bortoluzzi\/#primaryimage\"},\"thumbnailUrl\":\"https:\/\/alinea-avocats.eu\/wp-content\/uploads\/2023\/09\/1693383567558.jpg\",\"articleSection\":[\"Actualit\u00e9\"],\"inLanguage\":\"fr-FR\"},{\"@type\":\"WebPage\",\"@id\":\"https:\/\/alinea-avocats.eu\/fr\/actualite\/parution-de-louvrage-deontologie-de-lavocat-par-j-moret-bailly-et-s-bortoluzzi\/\",\"url\":\"https:\/\/alinea-avocats.eu\/fr\/actualite\/parution-de-louvrage-deontologie-de-lavocat-par-j-moret-bailly-et-s-bortoluzzi\/\",\"name\":\"Parution de l\u2019ouvrage \u00abD\u00e9ontologie de l'avocat\u00bb par J. Moret-Bailly et S. Bortoluzzi - Alinea, Avocats \u00e0 la Cour\",\"isPartOf\":{\"@id\":\"https:\/\/alinea-avocats.eu\/fr\/#website\"},\"primaryImageOfPage\":{\"@id\":\"https:\/\/alinea-avocats.eu\/fr\/actualite\/parution-de-louvrage-deontologie-de-lavocat-par-j-moret-bailly-et-s-bortoluzzi\/#primaryimage\"},\"image\":{\"@id\":\"https:\/\/alinea-avocats.eu\/fr\/actualite\/parution-de-louvrage-deontologie-de-lavocat-par-j-moret-bailly-et-s-bortoluzzi\/#primaryimage\"},\"thumbnailUrl\":\"https:\/\/alinea-avocats.eu\/wp-content\/uploads\/2023\/09\/1693383567558.jpg\",\"datePublished\":\"2023-09-01T13:17:34+00:00\",\"dateModified\":\"2026-03-30T07:55:11+00:00\",\"breadcrumb\":{\"@id\":\"https:\/\/alinea-avocats.eu\/fr\/actualite\/parution-de-louvrage-deontologie-de-lavocat-par-j-moret-bailly-et-s-bortoluzzi\/#breadcrumb\"},\"inLanguage\":\"fr-FR\",\"potentialAction\":[{\"@type\":\"ReadAction\",\"target\":[\"https:\/\/alinea-avocats.eu\/fr\/actualite\/parution-de-louvrage-deontologie-de-lavocat-par-j-moret-bailly-et-s-bortoluzzi\/\"]}]},{\"@type\":\"ImageObject\",\"inLanguage\":\"fr-FR\",\"@id\":\"https:\/\/alinea-avocats.eu\/fr\/actualite\/parution-de-louvrage-deontologie-de-lavocat-par-j-moret-bailly-et-s-bortoluzzi\/#primaryimage\",\"url\":\"https:\/\/alinea-avocats.eu\/wp-content\/uploads\/2023\/09\/1693383567558.jpg\",\"contentUrl\":\"https:\/\/alinea-avocats.eu\/wp-content\/uploads\/2023\/09\/1693383567558.jpg\"},{\"@type\":\"BreadcrumbList\",\"@id\":\"https:\/\/alinea-avocats.eu\/fr\/actualite\/parution-de-louvrage-deontologie-de-lavocat-par-j-moret-bailly-et-s-bortoluzzi\/#breadcrumb\",\"itemListElement\":[{\"@type\":\"ListItem\",\"position\":1,\"name\":\"Accueil\",\"item\":\"https:\/\/alinea-avocats.eu\/fr\/\"},{\"@type\":\"ListItem\",\"position\":2,\"name\":\"Parution de l\u2019ouvrage \u00abD\u00e9ontologie de l&rsquo;avocat\u00bb par J. Moret-Bailly et S. Bortoluzzi\"}]},{\"@type\":\"WebSite\",\"@id\":\"https:\/\/alinea-avocats.eu\/fr\/#website\",\"url\":\"https:\/\/alinea-avocats.eu\/fr\/\",\"name\":\"Alinea, Avocats \u00e0 la Cour\",\"description\":\"Avocats associ\u00e9s\",\"publisher\":{\"@id\":\"https:\/\/alinea-avocats.eu\/fr\/#organization\"},\"potentialAction\":[{\"@type\":\"SearchAction\",\"target\":{\"@type\":\"EntryPoint\",\"urlTemplate\":\"https:\/\/alinea-avocats.eu\/fr\/?s={search_term_string}\"},\"query-input\":{\"@type\":\"PropertyValueSpecification\",\"valueRequired\":true,\"valueName\":\"search_term_string\"}}],\"inLanguage\":\"fr-FR\"},{\"@type\":\"Organization\",\"@id\":\"https:\/\/alinea-avocats.eu\/fr\/#organization\",\"name\":\"Alinea, Avocats \u00e0 la Cour\",\"url\":\"https:\/\/alinea-avocats.eu\/fr\/\",\"logo\":{\"@type\":\"ImageObject\",\"inLanguage\":\"fr-FR\",\"@id\":\"https:\/\/alinea-avocats.eu\/fr\/#\/schema\/logo\/image\/\",\"url\":\"https:\/\/alinea-avocats.eu\/wp-content\/uploads\/2023\/08\/AAA.png\",\"contentUrl\":\"https:\/\/alinea-avocats.eu\/wp-content\/uploads\/2023\/08\/AAA.png\",\"width\":1145,\"height\":512,\"caption\":\"Alinea, Avocats \u00e0 la Cour\"},\"image\":{\"@id\":\"https:\/\/alinea-avocats.eu\/fr\/#\/schema\/logo\/image\/\"}},{\"@type\":\"Person\",\"@id\":\"https:\/\/alinea-avocats.eu\/fr\/#\/schema\/person\/cb71dc6f6be467cb2550059aa7cd1c49\",\"name\":\"pierre.morrier@alinea-avocats.com\",\"image\":{\"@type\":\"ImageObject\",\"inLanguage\":\"fr-FR\",\"@id\":\"https:\/\/alinea-avocats.eu\/fr\/#\/schema\/person\/image\/\",\"url\":\"https:\/\/secure.gravatar.com\/avatar\/3aa545e0574edbc9840449c1c8ed20b263a94b536e7f60b184e4df897e5c635f?s=96&d=mm&r=g\",\"contentUrl\":\"https:\/\/secure.gravatar.com\/avatar\/3aa545e0574edbc9840449c1c8ed20b263a94b536e7f60b184e4df897e5c635f?s=96&d=mm&r=g\",\"caption\":\"pierre.morrier@alinea-avocats.com\"}}]}<\/script>\n<!-- \/ Yoast SEO plugin. -->","yoast_head_json":{"title":"Parution de l\u2019ouvrage \u00abD\u00e9ontologie de l'avocat\u00bb par J. Moret-Bailly et S. Bortoluzzi - Alinea, Avocats \u00e0 la Cour","robots":{"index":"index","follow":"follow","max-snippet":"max-snippet:-1","max-image-preview":"max-image-preview:large","max-video-preview":"max-video-preview:-1"},"canonical":"https:\/\/alinea-avocats.eu\/fr\/actualite\/parution-de-louvrage-deontologie-de-lavocat-par-j-moret-bailly-et-s-bortoluzzi\/","og_locale":"fr_FR","og_type":"article","og_title":"Parution de l\u2019ouvrage \u00abD\u00e9ontologie de l'avocat\u00bb par J. Moret-Bailly et S. Bortoluzzi - Alinea, Avocats \u00e0 la Cour","og_description":"&nbsp; Nous sommes heureux de vous annoncer la parution du dernier ouvrage de Jo\u00ebl Moret-Bailly[1], avocat associ\u00e9 au sein de notre cabinet, co-\u00e9crit avec St\u00e9phane Bortoluzzi. Cet ouvrage, consacr\u00e9 \u00e0 la \u00ab D\u00e9ontologie de l&rsquo;avocat \u00bb, est \u00e0 jour des dispositions du d\u00e9cret du 30 juin 2023 portant code de d\u00e9ontologie des avocats, et vise [&hellip;]","og_url":"https:\/\/alinea-avocats.eu\/fr\/actualite\/parution-de-louvrage-deontologie-de-lavocat-par-j-moret-bailly-et-s-bortoluzzi\/","og_site_name":"Alinea, Avocats \u00e0 la Cour","article_published_time":"2023-09-01T13:17:34+00:00","article_modified_time":"2026-03-30T07:55:11+00:00","og_image":[{"width":540,"height":800,"url":"https:\/\/alinea-avocats.eu\/wp-content\/uploads\/2023\/09\/1693383567558.jpg","type":"image\/jpeg"}],"author":"pierre.morrier@alinea-avocats.com","twitter_card":"summary_large_image","twitter_misc":{"\u00c9crit par":"pierre.morrier@alinea-avocats.com","Dur\u00e9e de lecture estim\u00e9e":"2 minutes"},"schema":{"@context":"https:\/\/schema.org","@graph":[{"@type":"Article","@id":"https:\/\/alinea-avocats.eu\/fr\/actualite\/parution-de-louvrage-deontologie-de-lavocat-par-j-moret-bailly-et-s-bortoluzzi\/#article","isPartOf":{"@id":"https:\/\/alinea-avocats.eu\/fr\/actualite\/parution-de-louvrage-deontologie-de-lavocat-par-j-moret-bailly-et-s-bortoluzzi\/"},"author":{"name":"pierre.morrier@alinea-avocats.com","@id":"https:\/\/alinea-avocats.eu\/fr\/#\/schema\/person\/cb71dc6f6be467cb2550059aa7cd1c49"},"headline":"Parution de l\u2019ouvrage \u00abD\u00e9ontologie de l&rsquo;avocat\u00bb par J. Moret-Bailly et S. Bortoluzzi","datePublished":"2023-09-01T13:17:34+00:00","dateModified":"2026-03-30T07:55:11+00:00","mainEntityOfPage":{"@id":"https:\/\/alinea-avocats.eu\/fr\/actualite\/parution-de-louvrage-deontologie-de-lavocat-par-j-moret-bailly-et-s-bortoluzzi\/"},"wordCount":315,"publisher":{"@id":"https:\/\/alinea-avocats.eu\/fr\/#organization"},"image":{"@id":"https:\/\/alinea-avocats.eu\/fr\/actualite\/parution-de-louvrage-deontologie-de-lavocat-par-j-moret-bailly-et-s-bortoluzzi\/#primaryimage"},"thumbnailUrl":"https:\/\/alinea-avocats.eu\/wp-content\/uploads\/2023\/09\/1693383567558.jpg","articleSection":["Actualit\u00e9"],"inLanguage":"fr-FR"},{"@type":"WebPage","@id":"https:\/\/alinea-avocats.eu\/fr\/actualite\/parution-de-louvrage-deontologie-de-lavocat-par-j-moret-bailly-et-s-bortoluzzi\/","url":"https:\/\/alinea-avocats.eu\/fr\/actualite\/parution-de-louvrage-deontologie-de-lavocat-par-j-moret-bailly-et-s-bortoluzzi\/","name":"Parution de l\u2019ouvrage \u00abD\u00e9ontologie de l'avocat\u00bb par J. Moret-Bailly et S. Bortoluzzi - Alinea, Avocats \u00e0 la Cour","isPartOf":{"@id":"https:\/\/alinea-avocats.eu\/fr\/#website"},"primaryImageOfPage":{"@id":"https:\/\/alinea-avocats.eu\/fr\/actualite\/parution-de-louvrage-deontologie-de-lavocat-par-j-moret-bailly-et-s-bortoluzzi\/#primaryimage"},"image":{"@id":"https:\/\/alinea-avocats.eu\/fr\/actualite\/parution-de-louvrage-deontologie-de-lavocat-par-j-moret-bailly-et-s-bortoluzzi\/#primaryimage"},"thumbnailUrl":"https:\/\/alinea-avocats.eu\/wp-content\/uploads\/2023\/09\/1693383567558.jpg","datePublished":"2023-09-01T13:17:34+00:00","dateModified":"2026-03-30T07:55:11+00:00","breadcrumb":{"@id":"https:\/\/alinea-avocats.eu\/fr\/actualite\/parution-de-louvrage-deontologie-de-lavocat-par-j-moret-bailly-et-s-bortoluzzi\/#breadcrumb"},"inLanguage":"fr-FR","potentialAction":[{"@type":"ReadAction","target":["https:\/\/alinea-avocats.eu\/fr\/actualite\/parution-de-louvrage-deontologie-de-lavocat-par-j-moret-bailly-et-s-bortoluzzi\/"]}]},{"@type":"ImageObject","inLanguage":"fr-FR","@id":"https:\/\/alinea-avocats.eu\/fr\/actualite\/parution-de-louvrage-deontologie-de-lavocat-par-j-moret-bailly-et-s-bortoluzzi\/#primaryimage","url":"https:\/\/alinea-avocats.eu\/wp-content\/uploads\/2023\/09\/1693383567558.jpg","contentUrl":"https:\/\/alinea-avocats.eu\/wp-content\/uploads\/2023\/09\/1693383567558.jpg"},{"@type":"BreadcrumbList","@id":"https:\/\/alinea-avocats.eu\/fr\/actualite\/parution-de-louvrage-deontologie-de-lavocat-par-j-moret-bailly-et-s-bortoluzzi\/#breadcrumb","itemListElement":[{"@type":"ListItem","position":1,"name":"Accueil","item":"https:\/\/alinea-avocats.eu\/fr\/"},{"@type":"ListItem","position":2,"name":"Parution de l\u2019ouvrage \u00abD\u00e9ontologie de l&rsquo;avocat\u00bb par J. Moret-Bailly et S. Bortoluzzi"}]},{"@type":"WebSite","@id":"https:\/\/alinea-avocats.eu\/fr\/#website","url":"https:\/\/alinea-avocats.eu\/fr\/","name":"Alinea, Avocats \u00e0 la Cour","description":"Avocats associ\u00e9s","publisher":{"@id":"https:\/\/alinea-avocats.eu\/fr\/#organization"},"potentialAction":[{"@type":"SearchAction","target":{"@type":"EntryPoint","urlTemplate":"https:\/\/alinea-avocats.eu\/fr\/?s={search_term_string}"},"query-input":{"@type":"PropertyValueSpecification","valueRequired":true,"valueName":"search_term_string"}}],"inLanguage":"fr-FR"},{"@type":"Organization","@id":"https:\/\/alinea-avocats.eu\/fr\/#organization","name":"Alinea, Avocats \u00e0 la Cour","url":"https:\/\/alinea-avocats.eu\/fr\/","logo":{"@type":"ImageObject","inLanguage":"fr-FR","@id":"https:\/\/alinea-avocats.eu\/fr\/#\/schema\/logo\/image\/","url":"https:\/\/alinea-avocats.eu\/wp-content\/uploads\/2023\/08\/AAA.png","contentUrl":"https:\/\/alinea-avocats.eu\/wp-content\/uploads\/2023\/08\/AAA.png","width":1145,"height":512,"caption":"Alinea, Avocats \u00e0 la Cour"},"image":{"@id":"https:\/\/alinea-avocats.eu\/fr\/#\/schema\/logo\/image\/"}},{"@type":"Person","@id":"https:\/\/alinea-avocats.eu\/fr\/#\/schema\/person\/cb71dc6f6be467cb2550059aa7cd1c49","name":"pierre.morrier@alinea-avocats.com","image":{"@type":"ImageObject","inLanguage":"fr-FR","@id":"https:\/\/alinea-avocats.eu\/fr\/#\/schema\/person\/image\/","url":"https:\/\/secure.gravatar.com\/avatar\/3aa545e0574edbc9840449c1c8ed20b263a94b536e7f60b184e4df897e5c635f?s=96&d=mm&r=g","contentUrl":"https:\/\/secure.gravatar.com\/avatar\/3aa545e0574edbc9840449c1c8ed20b263a94b536e7f60b184e4df897e5c635f?s=96&d=mm&r=g","caption":"pierre.morrier@alinea-avocats.com"}}]}},"tagsName":null,"truncatedText":"\r\n\r\n&nbsp;\r\n\r\nNous sommes heureux de vous annoncer la parution du dernier ouvrage de Jo\u00ebl Moret-Bailly[1], avocat associ\u00e9 au sein de notre cabinet, co-\u00e9crit avec St\u00e9phane Bortoluzzi.\r\n\r\nCet ouvrage, consacr\u00e9 \u00e0 la \u00ab D\u00e9ontologie de l'avocat \u00bb, est \u00e0 jour des&hellip;","dateFormatted":"01 septembre 2023","_links":{"self":[{"href":"https:\/\/alinea-avocats.eu\/fr\/wp-json\/wp\/v2\/posts\/1645","targetHints":{"allow":["GET"]}}],"collection":[{"href":"https:\/\/alinea-avocats.eu\/fr\/wp-json\/wp\/v2\/posts"}],"about":[{"href":"https:\/\/alinea-avocats.eu\/fr\/wp-json\/wp\/v2\/types\/post"}],"author":[{"embeddable":true,"href":"https:\/\/alinea-avocats.eu\/fr\/wp-json\/wp\/v2\/users\/3"}],"replies":[{"embeddable":true,"href":"https:\/\/alinea-avocats.eu\/fr\/wp-json\/wp\/v2\/comments?post=1645"}],"version-history":[{"count":7,"href":"https:\/\/alinea-avocats.eu\/fr\/wp-json\/wp\/v2\/posts\/1645\/revisions"}],"predecessor-version":[{"id":1654,"href":"https:\/\/alinea-avocats.eu\/fr\/wp-json\/wp\/v2\/posts\/1645\/revisions\/1654"}],"wp:attachment":[{"href":"https:\/\/alinea-avocats.eu\/fr\/wp-json\/wp\/v2\/media?parent=1645"}],"wp:term":[{"taxonomy":"category","embeddable":true,"href":"https:\/\/alinea-avocats.eu\/fr\/wp-json\/wp\/v2\/categories?post=1645"},{"taxonomy":"post_tag","embeddable":true,"href":"https:\/\/alinea-avocats.eu\/fr\/wp-json\/wp\/v2\/tags?post=1645"}],"curies":[{"name":"wp","href":"https:\/\/api.w.org\/{rel}","templated":true}]}}