{"id":865,"date":"2019-12-16T08:00:26","date_gmt":"2019-12-16T07:00:26","guid":{"rendered":"http:\/\/alinea-avocats.eu\/?p=865"},"modified":"2020-01-28T13:01:06","modified_gmt":"2020-01-28T12:01:06","slug":"865","status":"publish","type":"post","link":"https:\/\/alinea-avocats.eu\/fr\/actualite\/865\/","title":{"rendered":"Le Conseil AGRIPECHE change le cap par rapport aux ann\u00e9es pr\u00e9c\u00e9dentes\u00a0: les Etats membres poussent pour une nouvelle strat\u00e9gie en 2020 et une r\u00e9vision de la l\u00e9gislation en mati\u00e8re de bien-\u00eatre animal."},"content":{"rendered":"<p>Clarifier la l\u00e9gislation, int\u00e9grer des standards minimums, favoriser les initiatives volontaires des Etats membres et des op\u00e9rateurs\u00a0: le Conseil invite la Commission europ\u00e9enne \u00e0 d\u00e9velopper une nouvelle strat\u00e9gie dans l\u2019ensemble des l\u00e9gislations pour toutes les esp\u00e8ces et au diff\u00e9rentes \u00e9tapes de l\u2019\u00e9levage notamment en mati\u00e8re de transport et d\u2019abattage.<\/p>\n","protected":false},"excerpt":{"rendered":"<p>Clarifier la l\u00e9gislation, int\u00e9grer des standards minimums, favoriser les initiatives volontaires des Etats membres et des op\u00e9rateurs\u00a0: le Conseil invite la Commission europ\u00e9enne \u00e0 d\u00e9velopper une nouvelle strat\u00e9gie dans l\u2019ensemble des l\u00e9gislations pour toutes les esp\u00e8ces et au diff\u00e9rentes \u00e9tapes de l\u2019\u00e9levage notamment en mati\u00e8re de transport et d\u2019abattage.<\/p>\n","protected":false},"author":5,"featured_media":0,"comment_status":"closed","ping_status":"closed","sticky":false,"template":"","format":"standard","meta":{"_acf_changed":false,"footnotes":""},"categories":[1],"tags":[],"class_list":["post-865","post","type-post","status-publish","format-standard","hentry","category-actualite"],"acf":[],"yoast_head":"<!-- This site is optimized with the Yoast SEO plugin v27.1.1 - https:\/\/yoast.com\/product\/yoast-seo-wordpress\/ -->\n<title>Le Conseil AGRIPECHE change le cap par rapport aux ann\u00e9es pr\u00e9c\u00e9dentes\u00a0: les Etats membres poussent pour une nouvelle strat\u00e9gie en 2020 et une r\u00e9vision de la l\u00e9gislation en mati\u00e8re de bien-\u00eatre animal. - Alinea, Avocats \u00e0 la Cour<\/title>\n<meta name=\"robots\" content=\"index, follow, max-snippet:-1, max-image-preview:large, max-video-preview:-1\" \/>\n<link rel=\"canonical\" href=\"https:\/\/alinea-avocats.eu\/fr\/actualite\/865\/\" \/>\n<meta property=\"og:locale\" content=\"fr_FR\" \/>\n<meta property=\"og:type\" content=\"article\" \/>\n<meta property=\"og:title\" content=\"Le Conseil AGRIPECHE change le cap par rapport aux ann\u00e9es pr\u00e9c\u00e9dentes\u00a0: les Etats membres poussent pour une nouvelle strat\u00e9gie en 2020 et une r\u00e9vision de la l\u00e9gislation en mati\u00e8re de bien-\u00eatre animal. - Alinea, Avocats \u00e0 la Cour\" \/>\n<meta property=\"og:description\" content=\"Clarifier la l\u00e9gislation, int\u00e9grer des standards minimums, favoriser les initiatives volontaires des Etats membres et des op\u00e9rateurs\u00a0: le Conseil invite la Commission europ\u00e9enne \u00e0 d\u00e9velopper une nouvelle strat\u00e9gie dans l\u2019ensemble des l\u00e9gislations pour toutes les esp\u00e8ces et au diff\u00e9rentes \u00e9tapes de l\u2019\u00e9levage notamment en mati\u00e8re de transport et d\u2019abattage.\" \/>\n<meta property=\"og:url\" content=\"https:\/\/alinea-avocats.eu\/fr\/actualite\/865\/\" \/>\n<meta property=\"og:site_name\" content=\"Alinea, Avocats \u00e0 la Cour\" \/>\n<meta property=\"article:published_time\" content=\"2019-12-16T07:00:26+00:00\" \/>\n<meta property=\"article:modified_time\" content=\"2020-01-28T12:01:06+00:00\" \/>\n<meta name=\"author\" content=\"ludovic.baudesson@lasuiteandco.com\" \/>\n<meta name=\"twitter:card\" content=\"summary_large_image\" \/>\n<meta name=\"twitter:label1\" content=\"\u00c9crit par\" \/>\n\t<meta name=\"twitter:data1\" content=\"ludovic.baudesson@lasuiteandco.com\" \/>\n<script type=\"application\/ld+json\" class=\"yoast-schema-graph\">{\"@context\":\"https:\/\/schema.org\",\"@graph\":[{\"@type\":\"Article\",\"@id\":\"https:\/\/alinea-avocats.eu\/fr\/actualite\/865\/#article\",\"isPartOf\":{\"@id\":\"https:\/\/alinea-avocats.eu\/fr\/actualite\/865\/\"},\"author\":{\"name\":\"ludovic.baudesson@lasuiteandco.com\",\"@id\":\"https:\/\/alinea-avocats.eu\/fr\/#\/schema\/person\/6f1a8c3d9bdb3ca98873f3643b26218c\"},\"headline\":\"Le Conseil AGRIPECHE change le cap par rapport aux ann\u00e9es pr\u00e9c\u00e9dentes\u00a0: les Etats membres poussent pour une nouvelle strat\u00e9gie en 2020 et une r\u00e9vision de la l\u00e9gislation en mati\u00e8re de bien-\u00eatre animal.\",\"datePublished\":\"2019-12-16T07:00:26+00:00\",\"dateModified\":\"2020-01-28T12:01:06+00:00\",\"mainEntityOfPage\":{\"@id\":\"https:\/\/alinea-avocats.eu\/fr\/actualite\/865\/\"},\"wordCount\":100,\"publisher\":{\"@id\":\"https:\/\/alinea-avocats.eu\/fr\/#organization\"},\"articleSection\":[\"Actualit\u00e9\"],\"inLanguage\":\"fr-FR\"},{\"@type\":\"WebPage\",\"@id\":\"https:\/\/alinea-avocats.eu\/fr\/actualite\/865\/\",\"url\":\"https:\/\/alinea-avocats.eu\/fr\/actualite\/865\/\",\"name\":\"Le Conseil AGRIPECHE change le cap par rapport aux ann\u00e9es pr\u00e9c\u00e9dentes\u00a0: les Etats membres poussent pour une nouvelle strat\u00e9gie en 2020 et une r\u00e9vision de la l\u00e9gislation en mati\u00e8re de bien-\u00eatre animal. - Alinea, Avocats \u00e0 la Cour\",\"isPartOf\":{\"@id\":\"https:\/\/alinea-avocats.eu\/fr\/#website\"},\"datePublished\":\"2019-12-16T07:00:26+00:00\",\"dateModified\":\"2020-01-28T12:01:06+00:00\",\"breadcrumb\":{\"@id\":\"https:\/\/alinea-avocats.eu\/fr\/actualite\/865\/#breadcrumb\"},\"inLanguage\":\"fr-FR\",\"potentialAction\":[{\"@type\":\"ReadAction\",\"target\":[\"https:\/\/alinea-avocats.eu\/fr\/actualite\/865\/\"]}]},{\"@type\":\"BreadcrumbList\",\"@id\":\"https:\/\/alinea-avocats.eu\/fr\/actualite\/865\/#breadcrumb\",\"itemListElement\":[{\"@type\":\"ListItem\",\"position\":1,\"name\":\"Accueil\",\"item\":\"https:\/\/alinea-avocats.eu\/fr\/\"},{\"@type\":\"ListItem\",\"position\":2,\"name\":\"Le Conseil AGRIPECHE change le cap par rapport aux ann\u00e9es pr\u00e9c\u00e9dentes\u00a0: les Etats membres poussent pour une nouvelle strat\u00e9gie en 2020 et une r\u00e9vision de la l\u00e9gislation en mati\u00e8re de bien-\u00eatre animal.\"}]},{\"@type\":\"WebSite\",\"@id\":\"https:\/\/alinea-avocats.eu\/fr\/#website\",\"url\":\"https:\/\/alinea-avocats.eu\/fr\/\",\"name\":\"Alinea, Avocats \u00e0 la Cour\",\"description\":\"Avocats associ\u00e9s\",\"publisher\":{\"@id\":\"https:\/\/alinea-avocats.eu\/fr\/#organization\"},\"potentialAction\":[{\"@type\":\"SearchAction\",\"target\":{\"@type\":\"EntryPoint\",\"urlTemplate\":\"https:\/\/alinea-avocats.eu\/fr\/?s={search_term_string}\"},\"query-input\":{\"@type\":\"PropertyValueSpecification\",\"valueRequired\":true,\"valueName\":\"search_term_string\"}}],\"inLanguage\":\"fr-FR\"},{\"@type\":\"Organization\",\"@id\":\"https:\/\/alinea-avocats.eu\/fr\/#organization\",\"name\":\"Alinea, Avocats \u00e0 la Cour\",\"url\":\"https:\/\/alinea-avocats.eu\/fr\/\",\"logo\":{\"@type\":\"ImageObject\",\"inLanguage\":\"fr-FR\",\"@id\":\"https:\/\/alinea-avocats.eu\/fr\/#\/schema\/logo\/image\/\",\"url\":\"https:\/\/alinea-avocats.eu\/wp-content\/uploads\/2023\/08\/AAA.png\",\"contentUrl\":\"https:\/\/alinea-avocats.eu\/wp-content\/uploads\/2023\/08\/AAA.png\",\"width\":1145,\"height\":512,\"caption\":\"Alinea, Avocats \u00e0 la Cour\"},\"image\":{\"@id\":\"https:\/\/alinea-avocats.eu\/fr\/#\/schema\/logo\/image\/\"}},{\"@type\":\"Person\",\"@id\":\"https:\/\/alinea-avocats.eu\/fr\/#\/schema\/person\/6f1a8c3d9bdb3ca98873f3643b26218c\",\"name\":\"ludovic.baudesson@lasuiteandco.com\",\"image\":{\"@type\":\"ImageObject\",\"inLanguage\":\"fr-FR\",\"@id\":\"https:\/\/alinea-avocats.eu\/fr\/#\/schema\/person\/image\/\",\"url\":\"https:\/\/secure.gravatar.com\/avatar\/7a8f5cde99e593bafae16ea04433991afbfb34b0a77cbc06deabf0da2fec6a7d?s=96&d=mm&r=g\",\"contentUrl\":\"https:\/\/secure.gravatar.com\/avatar\/7a8f5cde99e593bafae16ea04433991afbfb34b0a77cbc06deabf0da2fec6a7d?s=96&d=mm&r=g\",\"caption\":\"ludovic.baudesson@lasuiteandco.com\"}}]}<\/script>\n<!-- \/ Yoast SEO plugin. -->","yoast_head_json":{"title":"Le Conseil AGRIPECHE change le cap par rapport aux ann\u00e9es pr\u00e9c\u00e9dentes\u00a0: les Etats membres poussent pour une nouvelle strat\u00e9gie en 2020 et une r\u00e9vision de la l\u00e9gislation en mati\u00e8re de bien-\u00eatre animal. - Alinea, Avocats \u00e0 la Cour","robots":{"index":"index","follow":"follow","max-snippet":"max-snippet:-1","max-image-preview":"max-image-preview:large","max-video-preview":"max-video-preview:-1"},"canonical":"https:\/\/alinea-avocats.eu\/fr\/actualite\/865\/","og_locale":"fr_FR","og_type":"article","og_title":"Le Conseil AGRIPECHE change le cap par rapport aux ann\u00e9es pr\u00e9c\u00e9dentes\u00a0: les Etats membres poussent pour une nouvelle strat\u00e9gie en 2020 et une r\u00e9vision de la l\u00e9gislation en mati\u00e8re de bien-\u00eatre animal. - Alinea, Avocats \u00e0 la Cour","og_description":"Clarifier la l\u00e9gislation, int\u00e9grer des standards minimums, favoriser les initiatives volontaires des Etats membres et des op\u00e9rateurs\u00a0: le Conseil invite la Commission europ\u00e9enne \u00e0 d\u00e9velopper une nouvelle strat\u00e9gie dans l\u2019ensemble des l\u00e9gislations pour toutes les esp\u00e8ces et au diff\u00e9rentes \u00e9tapes de l\u2019\u00e9levage notamment en mati\u00e8re de transport et d\u2019abattage.","og_url":"https:\/\/alinea-avocats.eu\/fr\/actualite\/865\/","og_site_name":"Alinea, Avocats \u00e0 la Cour","article_published_time":"2019-12-16T07:00:26+00:00","article_modified_time":"2020-01-28T12:01:06+00:00","author":"ludovic.baudesson@lasuiteandco.com","twitter_card":"summary_large_image","twitter_misc":{"\u00c9crit par":"ludovic.baudesson@lasuiteandco.com"},"schema":{"@context":"https:\/\/schema.org","@graph":[{"@type":"Article","@id":"https:\/\/alinea-avocats.eu\/fr\/actualite\/865\/#article","isPartOf":{"@id":"https:\/\/alinea-avocats.eu\/fr\/actualite\/865\/"},"author":{"name":"ludovic.baudesson@lasuiteandco.com","@id":"https:\/\/alinea-avocats.eu\/fr\/#\/schema\/person\/6f1a8c3d9bdb3ca98873f3643b26218c"},"headline":"Le Conseil AGRIPECHE change le cap par rapport aux ann\u00e9es pr\u00e9c\u00e9dentes\u00a0: les Etats membres poussent pour une nouvelle strat\u00e9gie en 2020 et une r\u00e9vision de la l\u00e9gislation en mati\u00e8re de bien-\u00eatre animal.","datePublished":"2019-12-16T07:00:26+00:00","dateModified":"2020-01-28T12:01:06+00:00","mainEntityOfPage":{"@id":"https:\/\/alinea-avocats.eu\/fr\/actualite\/865\/"},"wordCount":100,"publisher":{"@id":"https:\/\/alinea-avocats.eu\/fr\/#organization"},"articleSection":["Actualit\u00e9"],"inLanguage":"fr-FR"},{"@type":"WebPage","@id":"https:\/\/alinea-avocats.eu\/fr\/actualite\/865\/","url":"https:\/\/alinea-avocats.eu\/fr\/actualite\/865\/","name":"Le Conseil AGRIPECHE change le cap par rapport aux ann\u00e9es pr\u00e9c\u00e9dentes\u00a0: les Etats membres poussent pour une nouvelle strat\u00e9gie en 2020 et une r\u00e9vision de la l\u00e9gislation en mati\u00e8re de bien-\u00eatre animal. - Alinea, Avocats \u00e0 la Cour","isPartOf":{"@id":"https:\/\/alinea-avocats.eu\/fr\/#website"},"datePublished":"2019-12-16T07:00:26+00:00","dateModified":"2020-01-28T12:01:06+00:00","breadcrumb":{"@id":"https:\/\/alinea-avocats.eu\/fr\/actualite\/865\/#breadcrumb"},"inLanguage":"fr-FR","potentialAction":[{"@type":"ReadAction","target":["https:\/\/alinea-avocats.eu\/fr\/actualite\/865\/"]}]},{"@type":"BreadcrumbList","@id":"https:\/\/alinea-avocats.eu\/fr\/actualite\/865\/#breadcrumb","itemListElement":[{"@type":"ListItem","position":1,"name":"Accueil","item":"https:\/\/alinea-avocats.eu\/fr\/"},{"@type":"ListItem","position":2,"name":"Le Conseil AGRIPECHE change le cap par rapport aux ann\u00e9es pr\u00e9c\u00e9dentes\u00a0: les Etats membres poussent pour une nouvelle strat\u00e9gie en 2020 et une r\u00e9vision de la l\u00e9gislation en mati\u00e8re de bien-\u00eatre animal."}]},{"@type":"WebSite","@id":"https:\/\/alinea-avocats.eu\/fr\/#website","url":"https:\/\/alinea-avocats.eu\/fr\/","name":"Alinea, Avocats \u00e0 la Cour","description":"Avocats associ\u00e9s","publisher":{"@id":"https:\/\/alinea-avocats.eu\/fr\/#organization"},"potentialAction":[{"@type":"SearchAction","target":{"@type":"EntryPoint","urlTemplate":"https:\/\/alinea-avocats.eu\/fr\/?s={search_term_string}"},"query-input":{"@type":"PropertyValueSpecification","valueRequired":true,"valueName":"search_term_string"}}],"inLanguage":"fr-FR"},{"@type":"Organization","@id":"https:\/\/alinea-avocats.eu\/fr\/#organization","name":"Alinea, Avocats \u00e0 la Cour","url":"https:\/\/alinea-avocats.eu\/fr\/","logo":{"@type":"ImageObject","inLanguage":"fr-FR","@id":"https:\/\/alinea-avocats.eu\/fr\/#\/schema\/logo\/image\/","url":"https:\/\/alinea-avocats.eu\/wp-content\/uploads\/2023\/08\/AAA.png","contentUrl":"https:\/\/alinea-avocats.eu\/wp-content\/uploads\/2023\/08\/AAA.png","width":1145,"height":512,"caption":"Alinea, Avocats \u00e0 la Cour"},"image":{"@id":"https:\/\/alinea-avocats.eu\/fr\/#\/schema\/logo\/image\/"}},{"@type":"Person","@id":"https:\/\/alinea-avocats.eu\/fr\/#\/schema\/person\/6f1a8c3d9bdb3ca98873f3643b26218c","name":"ludovic.baudesson@lasuiteandco.com","image":{"@type":"ImageObject","inLanguage":"fr-FR","@id":"https:\/\/alinea-avocats.eu\/fr\/#\/schema\/person\/image\/","url":"https:\/\/secure.gravatar.com\/avatar\/7a8f5cde99e593bafae16ea04433991afbfb34b0a77cbc06deabf0da2fec6a7d?s=96&d=mm&r=g","contentUrl":"https:\/\/secure.gravatar.com\/avatar\/7a8f5cde99e593bafae16ea04433991afbfb34b0a77cbc06deabf0da2fec6a7d?s=96&d=mm&r=g","caption":"ludovic.baudesson@lasuiteandco.com"}}]}},"tagsName":null,"truncatedText":"Clarifier la l\u00e9gislation, int\u00e9grer des standards minimums, favoriser les initiatives volontaires des Etats membres et des op\u00e9rateurs\u00a0: le Conseil invite la Commission europ\u00e9enne \u00e0 d\u00e9velopper une nouvelle strat\u00e9gie dans l\u2019ensemble des l\u00e9gislations&hellip;","dateFormatted":"16 d\u00e9cembre 2019","_links":{"self":[{"href":"https:\/\/alinea-avocats.eu\/fr\/wp-json\/wp\/v2\/posts\/865","targetHints":{"allow":["GET"]}}],"collection":[{"href":"https:\/\/alinea-avocats.eu\/fr\/wp-json\/wp\/v2\/posts"}],"about":[{"href":"https:\/\/alinea-avocats.eu\/fr\/wp-json\/wp\/v2\/types\/post"}],"author":[{"embeddable":true,"href":"https:\/\/alinea-avocats.eu\/fr\/wp-json\/wp\/v2\/users\/5"}],"replies":[{"embeddable":true,"href":"https:\/\/alinea-avocats.eu\/fr\/wp-json\/wp\/v2\/comments?post=865"}],"version-history":[{"count":2,"href":"https:\/\/alinea-avocats.eu\/fr\/wp-json\/wp\/v2\/posts\/865\/revisions"}],"predecessor-version":[{"id":867,"href":"https:\/\/alinea-avocats.eu\/fr\/wp-json\/wp\/v2\/posts\/865\/revisions\/867"}],"wp:attachment":[{"href":"https:\/\/alinea-avocats.eu\/fr\/wp-json\/wp\/v2\/media?parent=865"}],"wp:term":[{"taxonomy":"category","embeddable":true,"href":"https:\/\/alinea-avocats.eu\/fr\/wp-json\/wp\/v2\/categories?post=865"},{"taxonomy":"post_tag","embeddable":true,"href":"https:\/\/alinea-avocats.eu\/fr\/wp-json\/wp\/v2\/tags?post=865"}],"curies":[{"name":"wp","href":"https:\/\/api.w.org\/{rel}","templated":true}]}}