{"id":876,"date":"2020-01-29T18:35:16","date_gmt":"2020-01-29T17:35:16","guid":{"rendered":"http:\/\/alinea-avocats.eu\/?p=876"},"modified":"2020-01-29T18:35:16","modified_gmt":"2020-01-29T17:35:16","slug":"programme-de-travail-de-la-commission-europeenne-pour-2020","status":"publish","type":"post","link":"https:\/\/alinea-avocats.eu\/fr\/actualite\/programme-de-travail-de-la-commission-europeenne-pour-2020\/","title":{"rendered":"Programme de travail de la Commission europ\u00e9enne pour 2020"},"content":{"rendered":"<p>Le 29 janvier 2020, la Commission europ\u00e9enne a adopt\u00e9 son\u00a0<a href=\"https:\/\/ec.europa.eu\/info\/publications\/2020-commission-work-programme-key-documents_en\">programme de travail<\/a>\u00a0pour 2020, pr\u00e9sentant les actions qu&rsquo;elle m\u00e8nera cette ann\u00e9e pour traduire les\u00a0<a href=\"https:\/\/ec.europa.eu\/commission\/sites\/beta-political\/files\/political-guidelines-next-commission_fr.pdf\">orientations politiques<\/a>\u00a0de la pr\u00e9sidente\u00a0von der Leyen, pr\u00e9sent\u00e9es dans le cadre du \u00ab\u00a0Pacte Vert\u00a0\u00bb,\u00a0en initiatives concr\u00e8tes. Au programme donc, notamment, une loi europ\u00e9enne sur le climat consacrant l\u2019objectif de neutralit\u00e9 climatique \u00e0 l\u2019horizon 2050 (initiative l\u00e9gislative, 1<sup>er<\/sup> trimestre 2020); le pacte europ\u00e9en pour le climat (initiative non l\u00e9gislative, 3<sup>\u00e8me<\/sup> trimestre 2020), Strat\u00e9gie \u00abDe la ferme \u00e0 la table\u00bb (initiative non l\u00e9gislative, 1<sup>er<\/sup> trimestre 2020), Strat\u00e9gie de l\u2019UE en faveur de la biodiversit\u00e9 \u00e0 l\u2019horizon 2030 (initiative non l\u00e9gislative, 1<sup>er<\/sup> trimestre 2020); 8<sup>\u00e8me<\/sup> programme d\u2019action pour l\u2019environnement (initiative l\u00e9gislative, 2<sup>\u00e8me<\/sup> trimestre 2020). A suivre\u2026<\/p>\n<p>&nbsp;<\/p>\n<p>Pour plus d\u2019information\u00a0: <a href=\"https:\/\/ec.europa.eu\/commission\/presscorner\/detail\/fr\/IP_20_124\">https:\/\/ec.europa.eu\/commission\/presscorner\/detail\/fr\/IP_20_124<\/a><\/p>\n","protected":false},"excerpt":{"rendered":"<p>Le 29 janvier 2020, la Commission europ\u00e9enne a adopt\u00e9 son\u00a0programme de travail\u00a0pour 2020, pr\u00e9sentant les actions qu&rsquo;elle m\u00e8nera cette ann\u00e9e pour traduire les\u00a0orientations politiques\u00a0de la pr\u00e9sidente\u00a0von der Leyen, pr\u00e9sent\u00e9es dans le cadre du \u00ab\u00a0Pacte Vert\u00a0\u00bb,\u00a0en initiatives concr\u00e8tes. Au programme donc, notamment, une loi europ\u00e9enne sur le climat consacrant l\u2019objectif de neutralit\u00e9 climatique \u00e0 l\u2019horizon 2050 [&hellip;]<\/p>\n","protected":false},"author":3,"featured_media":0,"comment_status":"closed","ping_status":"closed","sticky":false,"template":"","format":"standard","meta":{"_acf_changed":false,"footnotes":""},"categories":[1],"tags":[],"class_list":["post-876","post","type-post","status-publish","format-standard","hentry","category-actualite"],"acf":[],"yoast_head":"<!-- This site is optimized with the Yoast SEO plugin v27.1.1 - https:\/\/yoast.com\/product\/yoast-seo-wordpress\/ -->\n<title>Programme de travail de la Commission europ\u00e9enne pour 2020 - Alinea, Avocats \u00e0 la Cour<\/title>\n<meta name=\"robots\" content=\"index, follow, max-snippet:-1, max-image-preview:large, max-video-preview:-1\" \/>\n<link rel=\"canonical\" href=\"https:\/\/alinea-avocats.eu\/fr\/actualite\/programme-de-travail-de-la-commission-europeenne-pour-2020\/\" \/>\n<meta property=\"og:locale\" content=\"fr_FR\" \/>\n<meta property=\"og:type\" content=\"article\" \/>\n<meta property=\"og:title\" content=\"Programme de travail de la Commission europ\u00e9enne pour 2020 - Alinea, Avocats \u00e0 la Cour\" \/>\n<meta property=\"og:description\" content=\"Le 29 janvier 2020, la Commission europ\u00e9enne a adopt\u00e9 son\u00a0programme de travail\u00a0pour 2020, pr\u00e9sentant les actions qu&rsquo;elle m\u00e8nera cette ann\u00e9e pour traduire les\u00a0orientations politiques\u00a0de la pr\u00e9sidente\u00a0von der Leyen, pr\u00e9sent\u00e9es dans le cadre du \u00ab\u00a0Pacte Vert\u00a0\u00bb,\u00a0en initiatives concr\u00e8tes. Au programme donc, notamment, une loi europ\u00e9enne sur le climat consacrant l\u2019objectif de neutralit\u00e9 climatique \u00e0 l\u2019horizon 2050 [&hellip;]\" \/>\n<meta property=\"og:url\" content=\"https:\/\/alinea-avocats.eu\/fr\/actualite\/programme-de-travail-de-la-commission-europeenne-pour-2020\/\" \/>\n<meta property=\"og:site_name\" content=\"Alinea, Avocats \u00e0 la Cour\" \/>\n<meta property=\"article:published_time\" content=\"2020-01-29T17:35:16+00:00\" \/>\n<meta name=\"author\" content=\"pierre.morrier@alinea-avocats.com\" \/>\n<meta name=\"twitter:card\" content=\"summary_large_image\" \/>\n<meta name=\"twitter:label1\" content=\"\u00c9crit par\" \/>\n\t<meta name=\"twitter:data1\" content=\"pierre.morrier@alinea-avocats.com\" \/>\n\t<meta name=\"twitter:label2\" content=\"Dur\u00e9e de lecture estim\u00e9e\" \/>\n\t<meta name=\"twitter:data2\" content=\"1 minute\" \/>\n<script type=\"application\/ld+json\" class=\"yoast-schema-graph\">{\"@context\":\"https:\/\/schema.org\",\"@graph\":[{\"@type\":\"Article\",\"@id\":\"https:\/\/alinea-avocats.eu\/fr\/actualite\/programme-de-travail-de-la-commission-europeenne-pour-2020\/#article\",\"isPartOf\":{\"@id\":\"https:\/\/alinea-avocats.eu\/fr\/actualite\/programme-de-travail-de-la-commission-europeenne-pour-2020\/\"},\"author\":{\"name\":\"pierre.morrier@alinea-avocats.com\",\"@id\":\"https:\/\/alinea-avocats.eu\/fr\/#\/schema\/person\/cb71dc6f6be467cb2550059aa7cd1c49\"},\"headline\":\"Programme de travail de la Commission europ\u00e9enne pour 2020\",\"datePublished\":\"2020-01-29T17:35:16+00:00\",\"mainEntityOfPage\":{\"@id\":\"https:\/\/alinea-avocats.eu\/fr\/actualite\/programme-de-travail-de-la-commission-europeenne-pour-2020\/\"},\"wordCount\":154,\"publisher\":{\"@id\":\"https:\/\/alinea-avocats.eu\/fr\/#organization\"},\"articleSection\":[\"Actualit\u00e9\"],\"inLanguage\":\"fr-FR\"},{\"@type\":\"WebPage\",\"@id\":\"https:\/\/alinea-avocats.eu\/fr\/actualite\/programme-de-travail-de-la-commission-europeenne-pour-2020\/\",\"url\":\"https:\/\/alinea-avocats.eu\/fr\/actualite\/programme-de-travail-de-la-commission-europeenne-pour-2020\/\",\"name\":\"Programme de travail de la Commission europ\u00e9enne pour 2020 - Alinea, Avocats \u00e0 la Cour\",\"isPartOf\":{\"@id\":\"https:\/\/alinea-avocats.eu\/fr\/#website\"},\"datePublished\":\"2020-01-29T17:35:16+00:00\",\"breadcrumb\":{\"@id\":\"https:\/\/alinea-avocats.eu\/fr\/actualite\/programme-de-travail-de-la-commission-europeenne-pour-2020\/#breadcrumb\"},\"inLanguage\":\"fr-FR\",\"potentialAction\":[{\"@type\":\"ReadAction\",\"target\":[\"https:\/\/alinea-avocats.eu\/fr\/actualite\/programme-de-travail-de-la-commission-europeenne-pour-2020\/\"]}]},{\"@type\":\"BreadcrumbList\",\"@id\":\"https:\/\/alinea-avocats.eu\/fr\/actualite\/programme-de-travail-de-la-commission-europeenne-pour-2020\/#breadcrumb\",\"itemListElement\":[{\"@type\":\"ListItem\",\"position\":1,\"name\":\"Accueil\",\"item\":\"https:\/\/alinea-avocats.eu\/fr\/\"},{\"@type\":\"ListItem\",\"position\":2,\"name\":\"Programme de travail de la Commission europ\u00e9enne pour 2020\"}]},{\"@type\":\"WebSite\",\"@id\":\"https:\/\/alinea-avocats.eu\/fr\/#website\",\"url\":\"https:\/\/alinea-avocats.eu\/fr\/\",\"name\":\"Alinea, Avocats \u00e0 la Cour\",\"description\":\"Avocats associ\u00e9s\",\"publisher\":{\"@id\":\"https:\/\/alinea-avocats.eu\/fr\/#organization\"},\"potentialAction\":[{\"@type\":\"SearchAction\",\"target\":{\"@type\":\"EntryPoint\",\"urlTemplate\":\"https:\/\/alinea-avocats.eu\/fr\/?s={search_term_string}\"},\"query-input\":{\"@type\":\"PropertyValueSpecification\",\"valueRequired\":true,\"valueName\":\"search_term_string\"}}],\"inLanguage\":\"fr-FR\"},{\"@type\":\"Organization\",\"@id\":\"https:\/\/alinea-avocats.eu\/fr\/#organization\",\"name\":\"Alinea, Avocats \u00e0 la Cour\",\"url\":\"https:\/\/alinea-avocats.eu\/fr\/\",\"logo\":{\"@type\":\"ImageObject\",\"inLanguage\":\"fr-FR\",\"@id\":\"https:\/\/alinea-avocats.eu\/fr\/#\/schema\/logo\/image\/\",\"url\":\"https:\/\/alinea-avocats.eu\/wp-content\/uploads\/2023\/08\/AAA.png\",\"contentUrl\":\"https:\/\/alinea-avocats.eu\/wp-content\/uploads\/2023\/08\/AAA.png\",\"width\":1145,\"height\":512,\"caption\":\"Alinea, Avocats \u00e0 la Cour\"},\"image\":{\"@id\":\"https:\/\/alinea-avocats.eu\/fr\/#\/schema\/logo\/image\/\"}},{\"@type\":\"Person\",\"@id\":\"https:\/\/alinea-avocats.eu\/fr\/#\/schema\/person\/cb71dc6f6be467cb2550059aa7cd1c49\",\"name\":\"pierre.morrier@alinea-avocats.com\",\"image\":{\"@type\":\"ImageObject\",\"inLanguage\":\"fr-FR\",\"@id\":\"https:\/\/alinea-avocats.eu\/fr\/#\/schema\/person\/image\/\",\"url\":\"https:\/\/secure.gravatar.com\/avatar\/3aa545e0574edbc9840449c1c8ed20b263a94b536e7f60b184e4df897e5c635f?s=96&d=mm&r=g\",\"contentUrl\":\"https:\/\/secure.gravatar.com\/avatar\/3aa545e0574edbc9840449c1c8ed20b263a94b536e7f60b184e4df897e5c635f?s=96&d=mm&r=g\",\"caption\":\"pierre.morrier@alinea-avocats.com\"}}]}<\/script>\n<!-- \/ Yoast SEO plugin. -->","yoast_head_json":{"title":"Programme de travail de la Commission europ\u00e9enne pour 2020 - Alinea, Avocats \u00e0 la Cour","robots":{"index":"index","follow":"follow","max-snippet":"max-snippet:-1","max-image-preview":"max-image-preview:large","max-video-preview":"max-video-preview:-1"},"canonical":"https:\/\/alinea-avocats.eu\/fr\/actualite\/programme-de-travail-de-la-commission-europeenne-pour-2020\/","og_locale":"fr_FR","og_type":"article","og_title":"Programme de travail de la Commission europ\u00e9enne pour 2020 - Alinea, Avocats \u00e0 la Cour","og_description":"Le 29 janvier 2020, la Commission europ\u00e9enne a adopt\u00e9 son\u00a0programme de travail\u00a0pour 2020, pr\u00e9sentant les actions qu&rsquo;elle m\u00e8nera cette ann\u00e9e pour traduire les\u00a0orientations politiques\u00a0de la pr\u00e9sidente\u00a0von der Leyen, pr\u00e9sent\u00e9es dans le cadre du \u00ab\u00a0Pacte Vert\u00a0\u00bb,\u00a0en initiatives concr\u00e8tes. Au programme donc, notamment, une loi europ\u00e9enne sur le climat consacrant l\u2019objectif de neutralit\u00e9 climatique \u00e0 l\u2019horizon 2050 [&hellip;]","og_url":"https:\/\/alinea-avocats.eu\/fr\/actualite\/programme-de-travail-de-la-commission-europeenne-pour-2020\/","og_site_name":"Alinea, Avocats \u00e0 la Cour","article_published_time":"2020-01-29T17:35:16+00:00","author":"pierre.morrier@alinea-avocats.com","twitter_card":"summary_large_image","twitter_misc":{"\u00c9crit par":"pierre.morrier@alinea-avocats.com","Dur\u00e9e de lecture estim\u00e9e":"1 minute"},"schema":{"@context":"https:\/\/schema.org","@graph":[{"@type":"Article","@id":"https:\/\/alinea-avocats.eu\/fr\/actualite\/programme-de-travail-de-la-commission-europeenne-pour-2020\/#article","isPartOf":{"@id":"https:\/\/alinea-avocats.eu\/fr\/actualite\/programme-de-travail-de-la-commission-europeenne-pour-2020\/"},"author":{"name":"pierre.morrier@alinea-avocats.com","@id":"https:\/\/alinea-avocats.eu\/fr\/#\/schema\/person\/cb71dc6f6be467cb2550059aa7cd1c49"},"headline":"Programme de travail de la Commission europ\u00e9enne pour 2020","datePublished":"2020-01-29T17:35:16+00:00","mainEntityOfPage":{"@id":"https:\/\/alinea-avocats.eu\/fr\/actualite\/programme-de-travail-de-la-commission-europeenne-pour-2020\/"},"wordCount":154,"publisher":{"@id":"https:\/\/alinea-avocats.eu\/fr\/#organization"},"articleSection":["Actualit\u00e9"],"inLanguage":"fr-FR"},{"@type":"WebPage","@id":"https:\/\/alinea-avocats.eu\/fr\/actualite\/programme-de-travail-de-la-commission-europeenne-pour-2020\/","url":"https:\/\/alinea-avocats.eu\/fr\/actualite\/programme-de-travail-de-la-commission-europeenne-pour-2020\/","name":"Programme de travail de la Commission europ\u00e9enne pour 2020 - Alinea, Avocats \u00e0 la Cour","isPartOf":{"@id":"https:\/\/alinea-avocats.eu\/fr\/#website"},"datePublished":"2020-01-29T17:35:16+00:00","breadcrumb":{"@id":"https:\/\/alinea-avocats.eu\/fr\/actualite\/programme-de-travail-de-la-commission-europeenne-pour-2020\/#breadcrumb"},"inLanguage":"fr-FR","potentialAction":[{"@type":"ReadAction","target":["https:\/\/alinea-avocats.eu\/fr\/actualite\/programme-de-travail-de-la-commission-europeenne-pour-2020\/"]}]},{"@type":"BreadcrumbList","@id":"https:\/\/alinea-avocats.eu\/fr\/actualite\/programme-de-travail-de-la-commission-europeenne-pour-2020\/#breadcrumb","itemListElement":[{"@type":"ListItem","position":1,"name":"Accueil","item":"https:\/\/alinea-avocats.eu\/fr\/"},{"@type":"ListItem","position":2,"name":"Programme de travail de la Commission europ\u00e9enne pour 2020"}]},{"@type":"WebSite","@id":"https:\/\/alinea-avocats.eu\/fr\/#website","url":"https:\/\/alinea-avocats.eu\/fr\/","name":"Alinea, Avocats \u00e0 la Cour","description":"Avocats associ\u00e9s","publisher":{"@id":"https:\/\/alinea-avocats.eu\/fr\/#organization"},"potentialAction":[{"@type":"SearchAction","target":{"@type":"EntryPoint","urlTemplate":"https:\/\/alinea-avocats.eu\/fr\/?s={search_term_string}"},"query-input":{"@type":"PropertyValueSpecification","valueRequired":true,"valueName":"search_term_string"}}],"inLanguage":"fr-FR"},{"@type":"Organization","@id":"https:\/\/alinea-avocats.eu\/fr\/#organization","name":"Alinea, Avocats \u00e0 la Cour","url":"https:\/\/alinea-avocats.eu\/fr\/","logo":{"@type":"ImageObject","inLanguage":"fr-FR","@id":"https:\/\/alinea-avocats.eu\/fr\/#\/schema\/logo\/image\/","url":"https:\/\/alinea-avocats.eu\/wp-content\/uploads\/2023\/08\/AAA.png","contentUrl":"https:\/\/alinea-avocats.eu\/wp-content\/uploads\/2023\/08\/AAA.png","width":1145,"height":512,"caption":"Alinea, Avocats \u00e0 la Cour"},"image":{"@id":"https:\/\/alinea-avocats.eu\/fr\/#\/schema\/logo\/image\/"}},{"@type":"Person","@id":"https:\/\/alinea-avocats.eu\/fr\/#\/schema\/person\/cb71dc6f6be467cb2550059aa7cd1c49","name":"pierre.morrier@alinea-avocats.com","image":{"@type":"ImageObject","inLanguage":"fr-FR","@id":"https:\/\/alinea-avocats.eu\/fr\/#\/schema\/person\/image\/","url":"https:\/\/secure.gravatar.com\/avatar\/3aa545e0574edbc9840449c1c8ed20b263a94b536e7f60b184e4df897e5c635f?s=96&d=mm&r=g","contentUrl":"https:\/\/secure.gravatar.com\/avatar\/3aa545e0574edbc9840449c1c8ed20b263a94b536e7f60b184e4df897e5c635f?s=96&d=mm&r=g","caption":"pierre.morrier@alinea-avocats.com"}}]}},"tagsName":null,"truncatedText":"Le 29 janvier 2020, la Commission europ\u00e9enne a adopt\u00e9 son\u00a0programme de travail\u00a0pour 2020, pr\u00e9sentant les actions qu'elle m\u00e8nera cette ann\u00e9e pour traduire les\u00a0orientations politiques\u00a0de la pr\u00e9sidente\u00a0von der Leyen, pr\u00e9sent\u00e9es dans le cadre du&hellip;","dateFormatted":"29 janvier 2020","_links":{"self":[{"href":"https:\/\/alinea-avocats.eu\/fr\/wp-json\/wp\/v2\/posts\/876","targetHints":{"allow":["GET"]}}],"collection":[{"href":"https:\/\/alinea-avocats.eu\/fr\/wp-json\/wp\/v2\/posts"}],"about":[{"href":"https:\/\/alinea-avocats.eu\/fr\/wp-json\/wp\/v2\/types\/post"}],"author":[{"embeddable":true,"href":"https:\/\/alinea-avocats.eu\/fr\/wp-json\/wp\/v2\/users\/3"}],"replies":[{"embeddable":true,"href":"https:\/\/alinea-avocats.eu\/fr\/wp-json\/wp\/v2\/comments?post=876"}],"version-history":[{"count":2,"href":"https:\/\/alinea-avocats.eu\/fr\/wp-json\/wp\/v2\/posts\/876\/revisions"}],"predecessor-version":[{"id":878,"href":"https:\/\/alinea-avocats.eu\/fr\/wp-json\/wp\/v2\/posts\/876\/revisions\/878"}],"wp:attachment":[{"href":"https:\/\/alinea-avocats.eu\/fr\/wp-json\/wp\/v2\/media?parent=876"}],"wp:term":[{"taxonomy":"category","embeddable":true,"href":"https:\/\/alinea-avocats.eu\/fr\/wp-json\/wp\/v2\/categories?post=876"},{"taxonomy":"post_tag","embeddable":true,"href":"https:\/\/alinea-avocats.eu\/fr\/wp-json\/wp\/v2\/tags?post=876"}],"curies":[{"name":"wp","href":"https:\/\/api.w.org\/{rel}","templated":true}]}}