{"id":907,"date":"2020-01-01T11:29:47","date_gmt":"2020-01-01T10:29:47","guid":{"rendered":"http:\/\/alinea-avocats.eu\/?p=907"},"modified":"2020-02-07T11:36:21","modified_gmt":"2020-02-07T10:36:21","slug":"le-nouveau-visage-de-la-procedure-civile-en-2020","status":"publish","type":"post","link":"https:\/\/alinea-avocats.eu\/fr\/actualite\/le-nouveau-visage-de-la-procedure-civile-en-2020\/","title":{"rendered":"Le nouveau visage de la proc\u00e9dure civile en 2020"},"content":{"rendered":"<p>La r\u00e9forme de la proc\u00e9dure civile, issue de la loi de programmation n\u00b02019-222 en date du 23 mars 2019 et de ses d\u00e9crets d\u2019application, est entr\u00e9e en vigueur ce 1<sup>er\u00a0 <\/sup>janvier 2020.<\/p>\n<p>Plusieurs points de la r\u00e9forme ont un impact pour le justiciable et sa relation avec le tribunal. Ces principaux points d\u2019impact sont\u00a0:<\/p>\n<ul>\n<li>La cr\u00e9ation d\u2019un Service d\u2019Accueil Unique du Justiciable (<strong>SAUJ<\/strong>)\u00a0: les agents affect\u00e9s dans ces services d\u2019accueil peuvent assurer la r\u00e9ception et la transmission de nombreux actes en mati\u00e8re civile et p\u00e9nale. Un portail en ligne du justiciable est \u00e9galement en cours de finition. D\u2019ores et d\u00e9j\u00e0 disponible : <a href=\"https:\/\/www.justice.fr\/themes\/portail-du-justiciable\">https:\/\/www.justice.fr\/themes\/portail-du-justiciable<\/a><\/li>\n<li>La disparition du tribunal d\u2019instance et de grande instance pour devenir le <strong>Tribunal Judiciaire<\/strong>. Ce tribunal regroupe d\u00e9sormais l\u2019ensemble des comp\u00e9tences de ces anciens tribunaux, et de nombreux autres comp\u00e9tences.<\/li>\n<li>La <strong>tentative de conciliation devient obligatoire<\/strong> pour les litiges dont la demande est estim\u00e9e inf\u00e9rieure ou \u00e9gale \u00e0 5.000\u20ac.<\/li>\n<li>La <strong>repr\u00e9sentation obligatoire<\/strong> par avocat est \u00e9tendue\u00a0: pour les mati\u00e8res les plus techniques et pour tout litige dont la demande est estim\u00e9e \u00e0 10.000\u20ac et plus, la repr\u00e9sentation de l\u2019avocat est obligatoire devant le Tribunal Judiciaire.<\/li>\n<li>Les jugements rendus sont d\u00e9sormais, en principe, <strong>ex\u00e9cutoires de droit<\/strong>. Cela implique pour la partie qui interjette appel (et qui succombe) qu\u2019elle devra ex\u00e9cuter le jugement provisoirement sans que le juge n\u2019ait \u00e0 le prononcer. Les textes pr\u00e9voient de nombreuses exceptions.<\/li>\n<\/ul>\n<p>Pour plus d\u2019informations sur cette r\u00e9forme\u00a0: <a href=\"http:\/\/www.justice.gouv.fr\/art_pix\/PC_Decret_2019-1333_Presentation_principales_modif.pdf\"><u>La synth\u00e8se de la r\u00e9forme<\/u><\/a><\/p>\n","protected":false},"excerpt":{"rendered":"<p>La r\u00e9forme de la proc\u00e9dure civile, issue de la loi de programmation n\u00b02019-222 en date du 23 mars 2019 et de ses d\u00e9crets d\u2019application, est entr\u00e9e en vigueur ce 1er\u00a0 janvier 2020. Plusieurs points de la r\u00e9forme ont un impact pour le justiciable et sa relation avec le tribunal. Ces principaux points d\u2019impact sont\u00a0: La [&hellip;]<\/p>\n","protected":false},"author":3,"featured_media":0,"comment_status":"closed","ping_status":"closed","sticky":false,"template":"","format":"standard","meta":{"_acf_changed":false,"footnotes":""},"categories":[1],"tags":[],"class_list":["post-907","post","type-post","status-publish","format-standard","hentry","category-actualite"],"acf":[],"yoast_head":"<!-- This site is optimized with the Yoast SEO plugin v27.1.1 - https:\/\/yoast.com\/product\/yoast-seo-wordpress\/ -->\n<title>Le nouveau visage de la proc\u00e9dure civile en 2020 - Alinea, Avocats \u00e0 la Cour<\/title>\n<meta name=\"robots\" content=\"index, follow, max-snippet:-1, max-image-preview:large, max-video-preview:-1\" \/>\n<link rel=\"canonical\" href=\"https:\/\/alinea-avocats.eu\/fr\/actualite\/le-nouveau-visage-de-la-procedure-civile-en-2020\/\" \/>\n<meta property=\"og:locale\" content=\"fr_FR\" \/>\n<meta property=\"og:type\" content=\"article\" \/>\n<meta property=\"og:title\" content=\"Le nouveau visage de la proc\u00e9dure civile en 2020 - Alinea, Avocats \u00e0 la Cour\" \/>\n<meta property=\"og:description\" content=\"La r\u00e9forme de la proc\u00e9dure civile, issue de la loi de programmation n\u00b02019-222 en date du 23 mars 2019 et de ses d\u00e9crets d\u2019application, est entr\u00e9e en vigueur ce 1er\u00a0 janvier 2020. Plusieurs points de la r\u00e9forme ont un impact pour le justiciable et sa relation avec le tribunal. Ces principaux points d\u2019impact sont\u00a0: La [&hellip;]\" \/>\n<meta property=\"og:url\" content=\"https:\/\/alinea-avocats.eu\/fr\/actualite\/le-nouveau-visage-de-la-procedure-civile-en-2020\/\" \/>\n<meta property=\"og:site_name\" content=\"Alinea, Avocats \u00e0 la Cour\" \/>\n<meta property=\"article:published_time\" content=\"2020-01-01T10:29:47+00:00\" \/>\n<meta property=\"article:modified_time\" content=\"2020-02-07T10:36:21+00:00\" \/>\n<meta name=\"author\" content=\"pierre.morrier@alinea-avocats.com\" \/>\n<meta name=\"twitter:card\" content=\"summary_large_image\" \/>\n<meta name=\"twitter:label1\" content=\"\u00c9crit par\" \/>\n\t<meta name=\"twitter:data1\" content=\"pierre.morrier@alinea-avocats.com\" \/>\n\t<meta name=\"twitter:label2\" content=\"Dur\u00e9e de lecture estim\u00e9e\" \/>\n\t<meta name=\"twitter:data2\" content=\"1 minute\" \/>\n<script type=\"application\/ld+json\" class=\"yoast-schema-graph\">{\"@context\":\"https:\/\/schema.org\",\"@graph\":[{\"@type\":\"Article\",\"@id\":\"https:\/\/alinea-avocats.eu\/fr\/actualite\/le-nouveau-visage-de-la-procedure-civile-en-2020\/#article\",\"isPartOf\":{\"@id\":\"https:\/\/alinea-avocats.eu\/fr\/actualite\/le-nouveau-visage-de-la-procedure-civile-en-2020\/\"},\"author\":{\"name\":\"pierre.morrier@alinea-avocats.com\",\"@id\":\"https:\/\/alinea-avocats.eu\/fr\/#\/schema\/person\/cb71dc6f6be467cb2550059aa7cd1c49\"},\"headline\":\"Le nouveau visage de la proc\u00e9dure civile en 2020\",\"datePublished\":\"2020-01-01T10:29:47+00:00\",\"dateModified\":\"2020-02-07T10:36:21+00:00\",\"mainEntityOfPage\":{\"@id\":\"https:\/\/alinea-avocats.eu\/fr\/actualite\/le-nouveau-visage-de-la-procedure-civile-en-2020\/\"},\"wordCount\":285,\"publisher\":{\"@id\":\"https:\/\/alinea-avocats.eu\/fr\/#organization\"},\"articleSection\":[\"Actualit\u00e9\"],\"inLanguage\":\"fr-FR\"},{\"@type\":\"WebPage\",\"@id\":\"https:\/\/alinea-avocats.eu\/fr\/actualite\/le-nouveau-visage-de-la-procedure-civile-en-2020\/\",\"url\":\"https:\/\/alinea-avocats.eu\/fr\/actualite\/le-nouveau-visage-de-la-procedure-civile-en-2020\/\",\"name\":\"Le nouveau visage de la proc\u00e9dure civile en 2020 - Alinea, Avocats \u00e0 la Cour\",\"isPartOf\":{\"@id\":\"https:\/\/alinea-avocats.eu\/fr\/#website\"},\"datePublished\":\"2020-01-01T10:29:47+00:00\",\"dateModified\":\"2020-02-07T10:36:21+00:00\",\"breadcrumb\":{\"@id\":\"https:\/\/alinea-avocats.eu\/fr\/actualite\/le-nouveau-visage-de-la-procedure-civile-en-2020\/#breadcrumb\"},\"inLanguage\":\"fr-FR\",\"potentialAction\":[{\"@type\":\"ReadAction\",\"target\":[\"https:\/\/alinea-avocats.eu\/fr\/actualite\/le-nouveau-visage-de-la-procedure-civile-en-2020\/\"]}]},{\"@type\":\"BreadcrumbList\",\"@id\":\"https:\/\/alinea-avocats.eu\/fr\/actualite\/le-nouveau-visage-de-la-procedure-civile-en-2020\/#breadcrumb\",\"itemListElement\":[{\"@type\":\"ListItem\",\"position\":1,\"name\":\"Accueil\",\"item\":\"https:\/\/alinea-avocats.eu\/fr\/\"},{\"@type\":\"ListItem\",\"position\":2,\"name\":\"Le nouveau visage de la proc\u00e9dure civile en 2020\"}]},{\"@type\":\"WebSite\",\"@id\":\"https:\/\/alinea-avocats.eu\/fr\/#website\",\"url\":\"https:\/\/alinea-avocats.eu\/fr\/\",\"name\":\"Alinea, Avocats \u00e0 la Cour\",\"description\":\"Avocats associ\u00e9s\",\"publisher\":{\"@id\":\"https:\/\/alinea-avocats.eu\/fr\/#organization\"},\"potentialAction\":[{\"@type\":\"SearchAction\",\"target\":{\"@type\":\"EntryPoint\",\"urlTemplate\":\"https:\/\/alinea-avocats.eu\/fr\/?s={search_term_string}\"},\"query-input\":{\"@type\":\"PropertyValueSpecification\",\"valueRequired\":true,\"valueName\":\"search_term_string\"}}],\"inLanguage\":\"fr-FR\"},{\"@type\":\"Organization\",\"@id\":\"https:\/\/alinea-avocats.eu\/fr\/#organization\",\"name\":\"Alinea, Avocats \u00e0 la Cour\",\"url\":\"https:\/\/alinea-avocats.eu\/fr\/\",\"logo\":{\"@type\":\"ImageObject\",\"inLanguage\":\"fr-FR\",\"@id\":\"https:\/\/alinea-avocats.eu\/fr\/#\/schema\/logo\/image\/\",\"url\":\"https:\/\/alinea-avocats.eu\/wp-content\/uploads\/2023\/08\/AAA.png\",\"contentUrl\":\"https:\/\/alinea-avocats.eu\/wp-content\/uploads\/2023\/08\/AAA.png\",\"width\":1145,\"height\":512,\"caption\":\"Alinea, Avocats \u00e0 la Cour\"},\"image\":{\"@id\":\"https:\/\/alinea-avocats.eu\/fr\/#\/schema\/logo\/image\/\"}},{\"@type\":\"Person\",\"@id\":\"https:\/\/alinea-avocats.eu\/fr\/#\/schema\/person\/cb71dc6f6be467cb2550059aa7cd1c49\",\"name\":\"pierre.morrier@alinea-avocats.com\",\"image\":{\"@type\":\"ImageObject\",\"inLanguage\":\"fr-FR\",\"@id\":\"https:\/\/alinea-avocats.eu\/fr\/#\/schema\/person\/image\/\",\"url\":\"https:\/\/secure.gravatar.com\/avatar\/3aa545e0574edbc9840449c1c8ed20b263a94b536e7f60b184e4df897e5c635f?s=96&d=mm&r=g\",\"contentUrl\":\"https:\/\/secure.gravatar.com\/avatar\/3aa545e0574edbc9840449c1c8ed20b263a94b536e7f60b184e4df897e5c635f?s=96&d=mm&r=g\",\"caption\":\"pierre.morrier@alinea-avocats.com\"}}]}<\/script>\n<!-- \/ Yoast SEO plugin. -->","yoast_head_json":{"title":"Le nouveau visage de la proc\u00e9dure civile en 2020 - Alinea, Avocats \u00e0 la Cour","robots":{"index":"index","follow":"follow","max-snippet":"max-snippet:-1","max-image-preview":"max-image-preview:large","max-video-preview":"max-video-preview:-1"},"canonical":"https:\/\/alinea-avocats.eu\/fr\/actualite\/le-nouveau-visage-de-la-procedure-civile-en-2020\/","og_locale":"fr_FR","og_type":"article","og_title":"Le nouveau visage de la proc\u00e9dure civile en 2020 - Alinea, Avocats \u00e0 la Cour","og_description":"La r\u00e9forme de la proc\u00e9dure civile, issue de la loi de programmation n\u00b02019-222 en date du 23 mars 2019 et de ses d\u00e9crets d\u2019application, est entr\u00e9e en vigueur ce 1er\u00a0 janvier 2020. Plusieurs points de la r\u00e9forme ont un impact pour le justiciable et sa relation avec le tribunal. Ces principaux points d\u2019impact sont\u00a0: La [&hellip;]","og_url":"https:\/\/alinea-avocats.eu\/fr\/actualite\/le-nouveau-visage-de-la-procedure-civile-en-2020\/","og_site_name":"Alinea, Avocats \u00e0 la Cour","article_published_time":"2020-01-01T10:29:47+00:00","article_modified_time":"2020-02-07T10:36:21+00:00","author":"pierre.morrier@alinea-avocats.com","twitter_card":"summary_large_image","twitter_misc":{"\u00c9crit par":"pierre.morrier@alinea-avocats.com","Dur\u00e9e de lecture estim\u00e9e":"1 minute"},"schema":{"@context":"https:\/\/schema.org","@graph":[{"@type":"Article","@id":"https:\/\/alinea-avocats.eu\/fr\/actualite\/le-nouveau-visage-de-la-procedure-civile-en-2020\/#article","isPartOf":{"@id":"https:\/\/alinea-avocats.eu\/fr\/actualite\/le-nouveau-visage-de-la-procedure-civile-en-2020\/"},"author":{"name":"pierre.morrier@alinea-avocats.com","@id":"https:\/\/alinea-avocats.eu\/fr\/#\/schema\/person\/cb71dc6f6be467cb2550059aa7cd1c49"},"headline":"Le nouveau visage de la proc\u00e9dure civile en 2020","datePublished":"2020-01-01T10:29:47+00:00","dateModified":"2020-02-07T10:36:21+00:00","mainEntityOfPage":{"@id":"https:\/\/alinea-avocats.eu\/fr\/actualite\/le-nouveau-visage-de-la-procedure-civile-en-2020\/"},"wordCount":285,"publisher":{"@id":"https:\/\/alinea-avocats.eu\/fr\/#organization"},"articleSection":["Actualit\u00e9"],"inLanguage":"fr-FR"},{"@type":"WebPage","@id":"https:\/\/alinea-avocats.eu\/fr\/actualite\/le-nouveau-visage-de-la-procedure-civile-en-2020\/","url":"https:\/\/alinea-avocats.eu\/fr\/actualite\/le-nouveau-visage-de-la-procedure-civile-en-2020\/","name":"Le nouveau visage de la proc\u00e9dure civile en 2020 - Alinea, Avocats \u00e0 la Cour","isPartOf":{"@id":"https:\/\/alinea-avocats.eu\/fr\/#website"},"datePublished":"2020-01-01T10:29:47+00:00","dateModified":"2020-02-07T10:36:21+00:00","breadcrumb":{"@id":"https:\/\/alinea-avocats.eu\/fr\/actualite\/le-nouveau-visage-de-la-procedure-civile-en-2020\/#breadcrumb"},"inLanguage":"fr-FR","potentialAction":[{"@type":"ReadAction","target":["https:\/\/alinea-avocats.eu\/fr\/actualite\/le-nouveau-visage-de-la-procedure-civile-en-2020\/"]}]},{"@type":"BreadcrumbList","@id":"https:\/\/alinea-avocats.eu\/fr\/actualite\/le-nouveau-visage-de-la-procedure-civile-en-2020\/#breadcrumb","itemListElement":[{"@type":"ListItem","position":1,"name":"Accueil","item":"https:\/\/alinea-avocats.eu\/fr\/"},{"@type":"ListItem","position":2,"name":"Le nouveau visage de la proc\u00e9dure civile en 2020"}]},{"@type":"WebSite","@id":"https:\/\/alinea-avocats.eu\/fr\/#website","url":"https:\/\/alinea-avocats.eu\/fr\/","name":"Alinea, Avocats \u00e0 la Cour","description":"Avocats associ\u00e9s","publisher":{"@id":"https:\/\/alinea-avocats.eu\/fr\/#organization"},"potentialAction":[{"@type":"SearchAction","target":{"@type":"EntryPoint","urlTemplate":"https:\/\/alinea-avocats.eu\/fr\/?s={search_term_string}"},"query-input":{"@type":"PropertyValueSpecification","valueRequired":true,"valueName":"search_term_string"}}],"inLanguage":"fr-FR"},{"@type":"Organization","@id":"https:\/\/alinea-avocats.eu\/fr\/#organization","name":"Alinea, Avocats \u00e0 la Cour","url":"https:\/\/alinea-avocats.eu\/fr\/","logo":{"@type":"ImageObject","inLanguage":"fr-FR","@id":"https:\/\/alinea-avocats.eu\/fr\/#\/schema\/logo\/image\/","url":"https:\/\/alinea-avocats.eu\/wp-content\/uploads\/2023\/08\/AAA.png","contentUrl":"https:\/\/alinea-avocats.eu\/wp-content\/uploads\/2023\/08\/AAA.png","width":1145,"height":512,"caption":"Alinea, Avocats \u00e0 la Cour"},"image":{"@id":"https:\/\/alinea-avocats.eu\/fr\/#\/schema\/logo\/image\/"}},{"@type":"Person","@id":"https:\/\/alinea-avocats.eu\/fr\/#\/schema\/person\/cb71dc6f6be467cb2550059aa7cd1c49","name":"pierre.morrier@alinea-avocats.com","image":{"@type":"ImageObject","inLanguage":"fr-FR","@id":"https:\/\/alinea-avocats.eu\/fr\/#\/schema\/person\/image\/","url":"https:\/\/secure.gravatar.com\/avatar\/3aa545e0574edbc9840449c1c8ed20b263a94b536e7f60b184e4df897e5c635f?s=96&d=mm&r=g","contentUrl":"https:\/\/secure.gravatar.com\/avatar\/3aa545e0574edbc9840449c1c8ed20b263a94b536e7f60b184e4df897e5c635f?s=96&d=mm&r=g","caption":"pierre.morrier@alinea-avocats.com"}}]}},"tagsName":null,"truncatedText":"La r\u00e9forme de la proc\u00e9dure civile, issue de la loi de programmation n\u00b02019-222 en date du 23 mars 2019 et de ses d\u00e9crets d\u2019application, est entr\u00e9e en vigueur ce 1er\u00a0 janvier 2020.\r\n\r\nPlusieurs points de la r\u00e9forme ont un impact pour le justiciable et&hellip;","dateFormatted":"01 janvier 2020","_links":{"self":[{"href":"https:\/\/alinea-avocats.eu\/fr\/wp-json\/wp\/v2\/posts\/907","targetHints":{"allow":["GET"]}}],"collection":[{"href":"https:\/\/alinea-avocats.eu\/fr\/wp-json\/wp\/v2\/posts"}],"about":[{"href":"https:\/\/alinea-avocats.eu\/fr\/wp-json\/wp\/v2\/types\/post"}],"author":[{"embeddable":true,"href":"https:\/\/alinea-avocats.eu\/fr\/wp-json\/wp\/v2\/users\/3"}],"replies":[{"embeddable":true,"href":"https:\/\/alinea-avocats.eu\/fr\/wp-json\/wp\/v2\/comments?post=907"}],"version-history":[{"count":2,"href":"https:\/\/alinea-avocats.eu\/fr\/wp-json\/wp\/v2\/posts\/907\/revisions"}],"predecessor-version":[{"id":909,"href":"https:\/\/alinea-avocats.eu\/fr\/wp-json\/wp\/v2\/posts\/907\/revisions\/909"}],"wp:attachment":[{"href":"https:\/\/alinea-avocats.eu\/fr\/wp-json\/wp\/v2\/media?parent=907"}],"wp:term":[{"taxonomy":"category","embeddable":true,"href":"https:\/\/alinea-avocats.eu\/fr\/wp-json\/wp\/v2\/categories?post=907"},{"taxonomy":"post_tag","embeddable":true,"href":"https:\/\/alinea-avocats.eu\/fr\/wp-json\/wp\/v2\/tags?post=907"}],"curies":[{"name":"wp","href":"https:\/\/api.w.org\/{rel}","templated":true}]}}