{"id":913,"date":"2020-02-21T09:55:45","date_gmt":"2020-02-21T08:55:45","guid":{"rendered":"http:\/\/alinea-avocats.eu\/?p=913"},"modified":"2020-02-21T09:56:37","modified_gmt":"2020-02-21T08:56:37","slug":"farm-to-fork-strategy","status":"publish","type":"post","link":"https:\/\/alinea-avocats.eu\/fr\/actualite\/farm-to-fork-strategy\/","title":{"rendered":"Farm to Fork Strategy"},"content":{"rendered":"<p>On February 17<sup>th<\/sup>, the European Commission published the roadmap regarding the upcoming \u00ab\u00a0Farm to Fork Strategy\u00a0\u00bb, as announced in the \u201cEuropean Green Deal\u201d.<\/p>\n<p>&nbsp;<\/p>\n<p>This initiative, led by the DG SANTE, will cover every step in the food supply chain, from production to consumption, and feed into the European Commission\u2019s circular economy objectives. Its overall objective is \u201c<em>to accelerate the transition towards a sustainable food system that should have a neutral or positive environmental impact, is capable to adapt to climate change and at the same time contributes to climate change mitigation, ensures food security and creates a food environment which makes healthy diets the easy choice for EU citizens<\/em>\u201d. It will set out the regulatory and non-regulatory measures needed to create more efficient, climate-smart systems that provide healthy food, while securing a decent living for EU farmers and fishermen.<\/p>\n<p>&nbsp;<\/p>\n<p>To achieve it, the European Commission will work with Member States and stakeholders to\u00a0:<\/p>\n<ul>\n<li>Ensure the transition is fair and just for everyone working in the European agricultural and maritime sector\u00a0;<\/li>\n<li>Reduce significantly the dependency, risk and use of chemical pesticides\u00a0;<\/li>\n<li>Develop innovative farming and fishing techniques that protect harvest forests and diseases\u00a0;<\/li>\n<li>Combat food fraud by preventing, detecting and fighting it through coordination with Member States and non-EU countries.<\/li>\n<\/ul>\n<p>&nbsp;<\/p>\n<p>The publication of this roadmap opens a 4 weeks consultation period for all stakeholders, <strong><u>until 16 March 2020<\/u><\/strong>\u00a0: <a href=\"https:\/\/ec.europa.eu\/info\/law\/better-regulation\/initiatives\/ares-2020-941864_en\">https:\/\/ec.europa.eu\/info\/law\/better-regulation\/initiatives\/ares-2020-941864_en\u00a0<\/a><\/p>\n","protected":false},"excerpt":{"rendered":"<p>On February 17th, the European Commission published the roadmap regarding the upcoming \u00ab\u00a0Farm to Fork Strategy\u00a0\u00bb, as announced in the \u201cEuropean Green Deal\u201d. &nbsp; This initiative, led by the DG SANTE, will cover every step in the food supply chain, from production to consumption, and feed into the European Commission\u2019s circular economy objectives. Its overall [&hellip;]<\/p>\n","protected":false},"author":3,"featured_media":0,"comment_status":"closed","ping_status":"closed","sticky":false,"template":"","format":"standard","meta":{"_acf_changed":false,"footnotes":""},"categories":[1],"tags":[],"class_list":["post-913","post","type-post","status-publish","format-standard","hentry","category-actualite"],"acf":[],"yoast_head":"<!-- This site is optimized with the Yoast SEO plugin v27.1.1 - https:\/\/yoast.com\/product\/yoast-seo-wordpress\/ -->\n<title>Farm to Fork Strategy - Alinea, Avocats \u00e0 la Cour<\/title>\n<meta name=\"robots\" content=\"index, follow, max-snippet:-1, max-image-preview:large, max-video-preview:-1\" \/>\n<link rel=\"canonical\" href=\"https:\/\/alinea-avocats.eu\/fr\/actualite\/farm-to-fork-strategy\/\" \/>\n<meta property=\"og:locale\" content=\"fr_FR\" \/>\n<meta property=\"og:type\" content=\"article\" \/>\n<meta property=\"og:title\" content=\"Farm to Fork Strategy - Alinea, Avocats \u00e0 la Cour\" \/>\n<meta property=\"og:description\" content=\"On February 17th, the European Commission published the roadmap regarding the upcoming \u00ab\u00a0Farm to Fork Strategy\u00a0\u00bb, as announced in the \u201cEuropean Green Deal\u201d. &nbsp; This initiative, led by the DG SANTE, will cover every step in the food supply chain, from production to consumption, and feed into the European Commission\u2019s circular economy objectives. Its overall [&hellip;]\" \/>\n<meta property=\"og:url\" content=\"https:\/\/alinea-avocats.eu\/fr\/actualite\/farm-to-fork-strategy\/\" \/>\n<meta property=\"og:site_name\" content=\"Alinea, Avocats \u00e0 la Cour\" \/>\n<meta property=\"article:published_time\" content=\"2020-02-21T08:55:45+00:00\" \/>\n<meta property=\"article:modified_time\" content=\"2020-02-21T08:56:37+00:00\" \/>\n<meta name=\"author\" content=\"pierre.morrier@alinea-avocats.com\" \/>\n<meta name=\"twitter:card\" content=\"summary_large_image\" \/>\n<meta name=\"twitter:label1\" content=\"\u00c9crit par\" \/>\n\t<meta name=\"twitter:data1\" content=\"pierre.morrier@alinea-avocats.com\" \/>\n\t<meta name=\"twitter:label2\" content=\"Dur\u00e9e de lecture estim\u00e9e\" \/>\n\t<meta name=\"twitter:data2\" content=\"1 minute\" \/>\n<script type=\"application\/ld+json\" class=\"yoast-schema-graph\">{\"@context\":\"https:\/\/schema.org\",\"@graph\":[{\"@type\":\"Article\",\"@id\":\"https:\/\/alinea-avocats.eu\/fr\/actualite\/farm-to-fork-strategy\/#article\",\"isPartOf\":{\"@id\":\"https:\/\/alinea-avocats.eu\/fr\/actualite\/farm-to-fork-strategy\/\"},\"author\":{\"name\":\"pierre.morrier@alinea-avocats.com\",\"@id\":\"https:\/\/alinea-avocats.eu\/fr\/#\/schema\/person\/cb71dc6f6be467cb2550059aa7cd1c49\"},\"headline\":\"Farm to Fork Strategy\",\"datePublished\":\"2020-02-21T08:55:45+00:00\",\"dateModified\":\"2020-02-21T08:56:37+00:00\",\"mainEntityOfPage\":{\"@id\":\"https:\/\/alinea-avocats.eu\/fr\/actualite\/farm-to-fork-strategy\/\"},\"wordCount\":243,\"publisher\":{\"@id\":\"https:\/\/alinea-avocats.eu\/fr\/#organization\"},\"articleSection\":[\"Actualit\u00e9\"],\"inLanguage\":\"fr-FR\"},{\"@type\":\"WebPage\",\"@id\":\"https:\/\/alinea-avocats.eu\/fr\/actualite\/farm-to-fork-strategy\/\",\"url\":\"https:\/\/alinea-avocats.eu\/fr\/actualite\/farm-to-fork-strategy\/\",\"name\":\"Farm to Fork Strategy - Alinea, Avocats \u00e0 la Cour\",\"isPartOf\":{\"@id\":\"https:\/\/alinea-avocats.eu\/fr\/#website\"},\"datePublished\":\"2020-02-21T08:55:45+00:00\",\"dateModified\":\"2020-02-21T08:56:37+00:00\",\"breadcrumb\":{\"@id\":\"https:\/\/alinea-avocats.eu\/fr\/actualite\/farm-to-fork-strategy\/#breadcrumb\"},\"inLanguage\":\"fr-FR\",\"potentialAction\":[{\"@type\":\"ReadAction\",\"target\":[\"https:\/\/alinea-avocats.eu\/fr\/actualite\/farm-to-fork-strategy\/\"]}]},{\"@type\":\"BreadcrumbList\",\"@id\":\"https:\/\/alinea-avocats.eu\/fr\/actualite\/farm-to-fork-strategy\/#breadcrumb\",\"itemListElement\":[{\"@type\":\"ListItem\",\"position\":1,\"name\":\"Accueil\",\"item\":\"https:\/\/alinea-avocats.eu\/fr\/\"},{\"@type\":\"ListItem\",\"position\":2,\"name\":\"Farm to Fork Strategy\"}]},{\"@type\":\"WebSite\",\"@id\":\"https:\/\/alinea-avocats.eu\/fr\/#website\",\"url\":\"https:\/\/alinea-avocats.eu\/fr\/\",\"name\":\"Alinea, Avocats \u00e0 la Cour\",\"description\":\"Avocats associ\u00e9s\",\"publisher\":{\"@id\":\"https:\/\/alinea-avocats.eu\/fr\/#organization\"},\"potentialAction\":[{\"@type\":\"SearchAction\",\"target\":{\"@type\":\"EntryPoint\",\"urlTemplate\":\"https:\/\/alinea-avocats.eu\/fr\/?s={search_term_string}\"},\"query-input\":{\"@type\":\"PropertyValueSpecification\",\"valueRequired\":true,\"valueName\":\"search_term_string\"}}],\"inLanguage\":\"fr-FR\"},{\"@type\":\"Organization\",\"@id\":\"https:\/\/alinea-avocats.eu\/fr\/#organization\",\"name\":\"Alinea, Avocats \u00e0 la Cour\",\"url\":\"https:\/\/alinea-avocats.eu\/fr\/\",\"logo\":{\"@type\":\"ImageObject\",\"inLanguage\":\"fr-FR\",\"@id\":\"https:\/\/alinea-avocats.eu\/fr\/#\/schema\/logo\/image\/\",\"url\":\"https:\/\/alinea-avocats.eu\/wp-content\/uploads\/2023\/08\/AAA.png\",\"contentUrl\":\"https:\/\/alinea-avocats.eu\/wp-content\/uploads\/2023\/08\/AAA.png\",\"width\":1145,\"height\":512,\"caption\":\"Alinea, Avocats \u00e0 la Cour\"},\"image\":{\"@id\":\"https:\/\/alinea-avocats.eu\/fr\/#\/schema\/logo\/image\/\"}},{\"@type\":\"Person\",\"@id\":\"https:\/\/alinea-avocats.eu\/fr\/#\/schema\/person\/cb71dc6f6be467cb2550059aa7cd1c49\",\"name\":\"pierre.morrier@alinea-avocats.com\",\"image\":{\"@type\":\"ImageObject\",\"inLanguage\":\"fr-FR\",\"@id\":\"https:\/\/alinea-avocats.eu\/fr\/#\/schema\/person\/image\/\",\"url\":\"https:\/\/secure.gravatar.com\/avatar\/3aa545e0574edbc9840449c1c8ed20b263a94b536e7f60b184e4df897e5c635f?s=96&d=mm&r=g\",\"contentUrl\":\"https:\/\/secure.gravatar.com\/avatar\/3aa545e0574edbc9840449c1c8ed20b263a94b536e7f60b184e4df897e5c635f?s=96&d=mm&r=g\",\"caption\":\"pierre.morrier@alinea-avocats.com\"}}]}<\/script>\n<!-- \/ Yoast SEO plugin. -->","yoast_head_json":{"title":"Farm to Fork Strategy - Alinea, Avocats \u00e0 la Cour","robots":{"index":"index","follow":"follow","max-snippet":"max-snippet:-1","max-image-preview":"max-image-preview:large","max-video-preview":"max-video-preview:-1"},"canonical":"https:\/\/alinea-avocats.eu\/fr\/actualite\/farm-to-fork-strategy\/","og_locale":"fr_FR","og_type":"article","og_title":"Farm to Fork Strategy - Alinea, Avocats \u00e0 la Cour","og_description":"On February 17th, the European Commission published the roadmap regarding the upcoming \u00ab\u00a0Farm to Fork Strategy\u00a0\u00bb, as announced in the \u201cEuropean Green Deal\u201d. &nbsp; This initiative, led by the DG SANTE, will cover every step in the food supply chain, from production to consumption, and feed into the European Commission\u2019s circular economy objectives. Its overall [&hellip;]","og_url":"https:\/\/alinea-avocats.eu\/fr\/actualite\/farm-to-fork-strategy\/","og_site_name":"Alinea, Avocats \u00e0 la Cour","article_published_time":"2020-02-21T08:55:45+00:00","article_modified_time":"2020-02-21T08:56:37+00:00","author":"pierre.morrier@alinea-avocats.com","twitter_card":"summary_large_image","twitter_misc":{"\u00c9crit par":"pierre.morrier@alinea-avocats.com","Dur\u00e9e de lecture estim\u00e9e":"1 minute"},"schema":{"@context":"https:\/\/schema.org","@graph":[{"@type":"Article","@id":"https:\/\/alinea-avocats.eu\/fr\/actualite\/farm-to-fork-strategy\/#article","isPartOf":{"@id":"https:\/\/alinea-avocats.eu\/fr\/actualite\/farm-to-fork-strategy\/"},"author":{"name":"pierre.morrier@alinea-avocats.com","@id":"https:\/\/alinea-avocats.eu\/fr\/#\/schema\/person\/cb71dc6f6be467cb2550059aa7cd1c49"},"headline":"Farm to Fork Strategy","datePublished":"2020-02-21T08:55:45+00:00","dateModified":"2020-02-21T08:56:37+00:00","mainEntityOfPage":{"@id":"https:\/\/alinea-avocats.eu\/fr\/actualite\/farm-to-fork-strategy\/"},"wordCount":243,"publisher":{"@id":"https:\/\/alinea-avocats.eu\/fr\/#organization"},"articleSection":["Actualit\u00e9"],"inLanguage":"fr-FR"},{"@type":"WebPage","@id":"https:\/\/alinea-avocats.eu\/fr\/actualite\/farm-to-fork-strategy\/","url":"https:\/\/alinea-avocats.eu\/fr\/actualite\/farm-to-fork-strategy\/","name":"Farm to Fork Strategy - Alinea, Avocats \u00e0 la Cour","isPartOf":{"@id":"https:\/\/alinea-avocats.eu\/fr\/#website"},"datePublished":"2020-02-21T08:55:45+00:00","dateModified":"2020-02-21T08:56:37+00:00","breadcrumb":{"@id":"https:\/\/alinea-avocats.eu\/fr\/actualite\/farm-to-fork-strategy\/#breadcrumb"},"inLanguage":"fr-FR","potentialAction":[{"@type":"ReadAction","target":["https:\/\/alinea-avocats.eu\/fr\/actualite\/farm-to-fork-strategy\/"]}]},{"@type":"BreadcrumbList","@id":"https:\/\/alinea-avocats.eu\/fr\/actualite\/farm-to-fork-strategy\/#breadcrumb","itemListElement":[{"@type":"ListItem","position":1,"name":"Accueil","item":"https:\/\/alinea-avocats.eu\/fr\/"},{"@type":"ListItem","position":2,"name":"Farm to Fork Strategy"}]},{"@type":"WebSite","@id":"https:\/\/alinea-avocats.eu\/fr\/#website","url":"https:\/\/alinea-avocats.eu\/fr\/","name":"Alinea, Avocats \u00e0 la Cour","description":"Avocats associ\u00e9s","publisher":{"@id":"https:\/\/alinea-avocats.eu\/fr\/#organization"},"potentialAction":[{"@type":"SearchAction","target":{"@type":"EntryPoint","urlTemplate":"https:\/\/alinea-avocats.eu\/fr\/?s={search_term_string}"},"query-input":{"@type":"PropertyValueSpecification","valueRequired":true,"valueName":"search_term_string"}}],"inLanguage":"fr-FR"},{"@type":"Organization","@id":"https:\/\/alinea-avocats.eu\/fr\/#organization","name":"Alinea, Avocats \u00e0 la Cour","url":"https:\/\/alinea-avocats.eu\/fr\/","logo":{"@type":"ImageObject","inLanguage":"fr-FR","@id":"https:\/\/alinea-avocats.eu\/fr\/#\/schema\/logo\/image\/","url":"https:\/\/alinea-avocats.eu\/wp-content\/uploads\/2023\/08\/AAA.png","contentUrl":"https:\/\/alinea-avocats.eu\/wp-content\/uploads\/2023\/08\/AAA.png","width":1145,"height":512,"caption":"Alinea, Avocats \u00e0 la Cour"},"image":{"@id":"https:\/\/alinea-avocats.eu\/fr\/#\/schema\/logo\/image\/"}},{"@type":"Person","@id":"https:\/\/alinea-avocats.eu\/fr\/#\/schema\/person\/cb71dc6f6be467cb2550059aa7cd1c49","name":"pierre.morrier@alinea-avocats.com","image":{"@type":"ImageObject","inLanguage":"fr-FR","@id":"https:\/\/alinea-avocats.eu\/fr\/#\/schema\/person\/image\/","url":"https:\/\/secure.gravatar.com\/avatar\/3aa545e0574edbc9840449c1c8ed20b263a94b536e7f60b184e4df897e5c635f?s=96&d=mm&r=g","contentUrl":"https:\/\/secure.gravatar.com\/avatar\/3aa545e0574edbc9840449c1c8ed20b263a94b536e7f60b184e4df897e5c635f?s=96&d=mm&r=g","caption":"pierre.morrier@alinea-avocats.com"}}]}},"tagsName":null,"truncatedText":"On February 17th, the European Commission published the roadmap regarding the upcoming \u00ab\u00a0Farm to Fork Strategy\u00a0\u00bb, as announced in the \u201cEuropean Green Deal\u201d.\r\n\r\n&nbsp;\r\n\r\nThis initiative, led by the DG SANTE, will cover every step in the food supply chain,&hellip;","dateFormatted":"21 f\u00e9vrier 2020","_links":{"self":[{"href":"https:\/\/alinea-avocats.eu\/fr\/wp-json\/wp\/v2\/posts\/913","targetHints":{"allow":["GET"]}}],"collection":[{"href":"https:\/\/alinea-avocats.eu\/fr\/wp-json\/wp\/v2\/posts"}],"about":[{"href":"https:\/\/alinea-avocats.eu\/fr\/wp-json\/wp\/v2\/types\/post"}],"author":[{"embeddable":true,"href":"https:\/\/alinea-avocats.eu\/fr\/wp-json\/wp\/v2\/users\/3"}],"replies":[{"embeddable":true,"href":"https:\/\/alinea-avocats.eu\/fr\/wp-json\/wp\/v2\/comments?post=913"}],"version-history":[{"count":2,"href":"https:\/\/alinea-avocats.eu\/fr\/wp-json\/wp\/v2\/posts\/913\/revisions"}],"predecessor-version":[{"id":915,"href":"https:\/\/alinea-avocats.eu\/fr\/wp-json\/wp\/v2\/posts\/913\/revisions\/915"}],"wp:attachment":[{"href":"https:\/\/alinea-avocats.eu\/fr\/wp-json\/wp\/v2\/media?parent=913"}],"wp:term":[{"taxonomy":"category","embeddable":true,"href":"https:\/\/alinea-avocats.eu\/fr\/wp-json\/wp\/v2\/categories?post=913"},{"taxonomy":"post_tag","embeddable":true,"href":"https:\/\/alinea-avocats.eu\/fr\/wp-json\/wp\/v2\/tags?post=913"}],"curies":[{"name":"wp","href":"https:\/\/api.w.org\/{rel}","templated":true}]}}