{"id":923,"date":"2020-03-11T10:32:21","date_gmt":"2020-03-11T09:32:21","guid":{"rendered":"http:\/\/alinea-avocats.eu\/?p=923"},"modified":"2020-03-12T16:12:38","modified_gmt":"2020-03-12T15:12:38","slug":"brussels-presents-the-digital-solutions-in-the-new-circular-economy-action-plan","status":"publish","type":"post","link":"https:\/\/alinea-avocats.eu\/fr\/actualite\/brussels-presents-the-digital-solutions-in-the-new-circular-economy-action-plan\/","title":{"rendered":"Brussels presents the digital solutions in the new Circular Economy Action Plan"},"content":{"rendered":"<p>The plan first says that digital technologies can help reduce the environmental impact of other sectors. Then it lays out ways to address the growing waste problem of the tech sector itself.<\/p>\n<p>The action plan is aimed at completely revamping the way that the bloc uses resources \u2014 tackling everything from clamping down on waste to mandating a greater use of recycled materials in new products, better classifying hazardous waste and hammering home the circular principles of reduce, reuse and recycle.<\/p>\n<ul>\n<li>Tech sector sells short-lived devices that are difficult to repair and are often replaced. <strong>Electronic devices are one of the fastest-growing waste streams in the EU, while only 35 percent electronic waste is recycled<\/strong>.<\/li>\n<\/ul>\n<p><u>To reverse that trend<\/u>, the European Commission wants to require manufacturers of electronic devices such as mobile phones, tablets and earphones to make products more easily repairable and recyclable. The draft plans are still subject to last-minute changes but give a clear indication of the Commission\u2019s thinking.<\/p>\n<p>To reduce e-waste, the EU\u2019s executive arm is set to consider a bloc-wide reward system for consumers to return or sell back electronic devices.<\/p>\n<ul>\n<li>But at the same time, <strong>the Commission is very aware it needs digital technologies in its drive to accelerate the transition to a circular economy<\/strong>.<\/li>\n<\/ul>\n<p>The Commission wants to share the most relevant data on making supply chains more circular \u2014 such as the built environment, packaging, textiles, electronics, information and communications technology, and plastics. <u>One of the key elements \u2014 to be developed in 2021 \u2014 is to set up a data platform to track waste shipments<\/u>.<\/p>\n<p>The EU\u2019s digital chief Margrethe Vestager and Internal Market Commissioner Thierry Breton last month presented the bloc\u2019s data strategy. Those plans included a common European Green Deal data space, which would use the \u201cmajor potential\u201d of data in support of priority actions on climate change, circular economy and zero pollution.<\/p>\n<p>&nbsp;<\/p>\n<p><strong><u>For more information<\/u><\/strong> : <a href=\"https:\/\/ec.europa.eu\/commission\/presscorner\/detail\/en\/ip_20_420\">EU presents his new Circular Economy Action Plan<\/a><\/p>\n","protected":false},"excerpt":{"rendered":"<p>The plan first says that digital technologies can help reduce the environmental impact of other sectors. Then it lays out ways to address the growing waste problem of the tech sector itself. The action plan is aimed at completely revamping the way that the bloc uses resources \u2014 tackling everything from clamping down on waste [&hellip;]<\/p>\n","protected":false},"author":3,"featured_media":0,"comment_status":"closed","ping_status":"closed","sticky":false,"template":"","format":"standard","meta":{"_acf_changed":false,"footnotes":""},"categories":[1],"tags":[],"class_list":["post-923","post","type-post","status-publish","format-standard","hentry","category-actualite"],"acf":[],"yoast_head":"<!-- This site is optimized with the Yoast SEO plugin v27.1.1 - https:\/\/yoast.com\/product\/yoast-seo-wordpress\/ -->\n<title>Brussels presents the digital solutions in the new Circular Economy Action Plan - Alinea, Avocats \u00e0 la Cour<\/title>\n<meta name=\"robots\" content=\"index, follow, max-snippet:-1, max-image-preview:large, max-video-preview:-1\" \/>\n<link rel=\"canonical\" href=\"https:\/\/alinea-avocats.eu\/fr\/actualite\/brussels-presents-the-digital-solutions-in-the-new-circular-economy-action-plan\/\" \/>\n<meta property=\"og:locale\" content=\"fr_FR\" \/>\n<meta property=\"og:type\" content=\"article\" \/>\n<meta property=\"og:title\" content=\"Brussels presents the digital solutions in the new Circular Economy Action Plan - Alinea, Avocats \u00e0 la Cour\" \/>\n<meta property=\"og:description\" content=\"The plan first says that digital technologies can help reduce the environmental impact of other sectors. Then it lays out ways to address the growing waste problem of the tech sector itself. The action plan is aimed at completely revamping the way that the bloc uses resources \u2014 tackling everything from clamping down on waste [&hellip;]\" \/>\n<meta property=\"og:url\" content=\"https:\/\/alinea-avocats.eu\/fr\/actualite\/brussels-presents-the-digital-solutions-in-the-new-circular-economy-action-plan\/\" \/>\n<meta property=\"og:site_name\" content=\"Alinea, Avocats \u00e0 la Cour\" \/>\n<meta property=\"article:published_time\" content=\"2020-03-11T09:32:21+00:00\" \/>\n<meta property=\"article:modified_time\" content=\"2020-03-12T15:12:38+00:00\" \/>\n<meta name=\"author\" content=\"pierre.morrier@alinea-avocats.com\" \/>\n<meta name=\"twitter:card\" content=\"summary_large_image\" \/>\n<meta name=\"twitter:label1\" content=\"\u00c9crit par\" \/>\n\t<meta name=\"twitter:data1\" content=\"pierre.morrier@alinea-avocats.com\" \/>\n\t<meta name=\"twitter:label2\" content=\"Dur\u00e9e de lecture estim\u00e9e\" \/>\n\t<meta name=\"twitter:data2\" content=\"2 minutes\" \/>\n<script type=\"application\/ld+json\" class=\"yoast-schema-graph\">{\"@context\":\"https:\/\/schema.org\",\"@graph\":[{\"@type\":\"Article\",\"@id\":\"https:\/\/alinea-avocats.eu\/fr\/actualite\/brussels-presents-the-digital-solutions-in-the-new-circular-economy-action-plan\/#article\",\"isPartOf\":{\"@id\":\"https:\/\/alinea-avocats.eu\/fr\/actualite\/brussels-presents-the-digital-solutions-in-the-new-circular-economy-action-plan\/\"},\"author\":{\"name\":\"pierre.morrier@alinea-avocats.com\",\"@id\":\"https:\/\/alinea-avocats.eu\/fr\/#\/schema\/person\/cb71dc6f6be467cb2550059aa7cd1c49\"},\"headline\":\"Brussels presents the digital solutions in the new Circular Economy Action Plan\",\"datePublished\":\"2020-03-11T09:32:21+00:00\",\"dateModified\":\"2020-03-12T15:12:38+00:00\",\"mainEntityOfPage\":{\"@id\":\"https:\/\/alinea-avocats.eu\/fr\/actualite\/brussels-presents-the-digital-solutions-in-the-new-circular-economy-action-plan\/\"},\"wordCount\":336,\"publisher\":{\"@id\":\"https:\/\/alinea-avocats.eu\/fr\/#organization\"},\"articleSection\":[\"Actualit\u00e9\"],\"inLanguage\":\"fr-FR\"},{\"@type\":\"WebPage\",\"@id\":\"https:\/\/alinea-avocats.eu\/fr\/actualite\/brussels-presents-the-digital-solutions-in-the-new-circular-economy-action-plan\/\",\"url\":\"https:\/\/alinea-avocats.eu\/fr\/actualite\/brussels-presents-the-digital-solutions-in-the-new-circular-economy-action-plan\/\",\"name\":\"Brussels presents the digital solutions in the new Circular Economy Action Plan - Alinea, Avocats \u00e0 la Cour\",\"isPartOf\":{\"@id\":\"https:\/\/alinea-avocats.eu\/fr\/#website\"},\"datePublished\":\"2020-03-11T09:32:21+00:00\",\"dateModified\":\"2020-03-12T15:12:38+00:00\",\"breadcrumb\":{\"@id\":\"https:\/\/alinea-avocats.eu\/fr\/actualite\/brussels-presents-the-digital-solutions-in-the-new-circular-economy-action-plan\/#breadcrumb\"},\"inLanguage\":\"fr-FR\",\"potentialAction\":[{\"@type\":\"ReadAction\",\"target\":[\"https:\/\/alinea-avocats.eu\/fr\/actualite\/brussels-presents-the-digital-solutions-in-the-new-circular-economy-action-plan\/\"]}]},{\"@type\":\"BreadcrumbList\",\"@id\":\"https:\/\/alinea-avocats.eu\/fr\/actualite\/brussels-presents-the-digital-solutions-in-the-new-circular-economy-action-plan\/#breadcrumb\",\"itemListElement\":[{\"@type\":\"ListItem\",\"position\":1,\"name\":\"Accueil\",\"item\":\"https:\/\/alinea-avocats.eu\/fr\/\"},{\"@type\":\"ListItem\",\"position\":2,\"name\":\"Brussels presents the digital solutions in the new Circular Economy Action Plan\"}]},{\"@type\":\"WebSite\",\"@id\":\"https:\/\/alinea-avocats.eu\/fr\/#website\",\"url\":\"https:\/\/alinea-avocats.eu\/fr\/\",\"name\":\"Alinea, Avocats \u00e0 la Cour\",\"description\":\"Avocats associ\u00e9s\",\"publisher\":{\"@id\":\"https:\/\/alinea-avocats.eu\/fr\/#organization\"},\"potentialAction\":[{\"@type\":\"SearchAction\",\"target\":{\"@type\":\"EntryPoint\",\"urlTemplate\":\"https:\/\/alinea-avocats.eu\/fr\/?s={search_term_string}\"},\"query-input\":{\"@type\":\"PropertyValueSpecification\",\"valueRequired\":true,\"valueName\":\"search_term_string\"}}],\"inLanguage\":\"fr-FR\"},{\"@type\":\"Organization\",\"@id\":\"https:\/\/alinea-avocats.eu\/fr\/#organization\",\"name\":\"Alinea, Avocats \u00e0 la Cour\",\"url\":\"https:\/\/alinea-avocats.eu\/fr\/\",\"logo\":{\"@type\":\"ImageObject\",\"inLanguage\":\"fr-FR\",\"@id\":\"https:\/\/alinea-avocats.eu\/fr\/#\/schema\/logo\/image\/\",\"url\":\"https:\/\/alinea-avocats.eu\/wp-content\/uploads\/2023\/08\/AAA.png\",\"contentUrl\":\"https:\/\/alinea-avocats.eu\/wp-content\/uploads\/2023\/08\/AAA.png\",\"width\":1145,\"height\":512,\"caption\":\"Alinea, Avocats \u00e0 la Cour\"},\"image\":{\"@id\":\"https:\/\/alinea-avocats.eu\/fr\/#\/schema\/logo\/image\/\"}},{\"@type\":\"Person\",\"@id\":\"https:\/\/alinea-avocats.eu\/fr\/#\/schema\/person\/cb71dc6f6be467cb2550059aa7cd1c49\",\"name\":\"pierre.morrier@alinea-avocats.com\",\"image\":{\"@type\":\"ImageObject\",\"inLanguage\":\"fr-FR\",\"@id\":\"https:\/\/alinea-avocats.eu\/fr\/#\/schema\/person\/image\/\",\"url\":\"https:\/\/secure.gravatar.com\/avatar\/3aa545e0574edbc9840449c1c8ed20b263a94b536e7f60b184e4df897e5c635f?s=96&d=mm&r=g\",\"contentUrl\":\"https:\/\/secure.gravatar.com\/avatar\/3aa545e0574edbc9840449c1c8ed20b263a94b536e7f60b184e4df897e5c635f?s=96&d=mm&r=g\",\"caption\":\"pierre.morrier@alinea-avocats.com\"}}]}<\/script>\n<!-- \/ Yoast SEO plugin. -->","yoast_head_json":{"title":"Brussels presents the digital solutions in the new Circular Economy Action Plan - Alinea, Avocats \u00e0 la Cour","robots":{"index":"index","follow":"follow","max-snippet":"max-snippet:-1","max-image-preview":"max-image-preview:large","max-video-preview":"max-video-preview:-1"},"canonical":"https:\/\/alinea-avocats.eu\/fr\/actualite\/brussels-presents-the-digital-solutions-in-the-new-circular-economy-action-plan\/","og_locale":"fr_FR","og_type":"article","og_title":"Brussels presents the digital solutions in the new Circular Economy Action Plan - Alinea, Avocats \u00e0 la Cour","og_description":"The plan first says that digital technologies can help reduce the environmental impact of other sectors. Then it lays out ways to address the growing waste problem of the tech sector itself. The action plan is aimed at completely revamping the way that the bloc uses resources \u2014 tackling everything from clamping down on waste [&hellip;]","og_url":"https:\/\/alinea-avocats.eu\/fr\/actualite\/brussels-presents-the-digital-solutions-in-the-new-circular-economy-action-plan\/","og_site_name":"Alinea, Avocats \u00e0 la Cour","article_published_time":"2020-03-11T09:32:21+00:00","article_modified_time":"2020-03-12T15:12:38+00:00","author":"pierre.morrier@alinea-avocats.com","twitter_card":"summary_large_image","twitter_misc":{"\u00c9crit par":"pierre.morrier@alinea-avocats.com","Dur\u00e9e de lecture estim\u00e9e":"2 minutes"},"schema":{"@context":"https:\/\/schema.org","@graph":[{"@type":"Article","@id":"https:\/\/alinea-avocats.eu\/fr\/actualite\/brussels-presents-the-digital-solutions-in-the-new-circular-economy-action-plan\/#article","isPartOf":{"@id":"https:\/\/alinea-avocats.eu\/fr\/actualite\/brussels-presents-the-digital-solutions-in-the-new-circular-economy-action-plan\/"},"author":{"name":"pierre.morrier@alinea-avocats.com","@id":"https:\/\/alinea-avocats.eu\/fr\/#\/schema\/person\/cb71dc6f6be467cb2550059aa7cd1c49"},"headline":"Brussels presents the digital solutions in the new Circular Economy Action Plan","datePublished":"2020-03-11T09:32:21+00:00","dateModified":"2020-03-12T15:12:38+00:00","mainEntityOfPage":{"@id":"https:\/\/alinea-avocats.eu\/fr\/actualite\/brussels-presents-the-digital-solutions-in-the-new-circular-economy-action-plan\/"},"wordCount":336,"publisher":{"@id":"https:\/\/alinea-avocats.eu\/fr\/#organization"},"articleSection":["Actualit\u00e9"],"inLanguage":"fr-FR"},{"@type":"WebPage","@id":"https:\/\/alinea-avocats.eu\/fr\/actualite\/brussels-presents-the-digital-solutions-in-the-new-circular-economy-action-plan\/","url":"https:\/\/alinea-avocats.eu\/fr\/actualite\/brussels-presents-the-digital-solutions-in-the-new-circular-economy-action-plan\/","name":"Brussels presents the digital solutions in the new Circular Economy Action Plan - Alinea, Avocats \u00e0 la Cour","isPartOf":{"@id":"https:\/\/alinea-avocats.eu\/fr\/#website"},"datePublished":"2020-03-11T09:32:21+00:00","dateModified":"2020-03-12T15:12:38+00:00","breadcrumb":{"@id":"https:\/\/alinea-avocats.eu\/fr\/actualite\/brussels-presents-the-digital-solutions-in-the-new-circular-economy-action-plan\/#breadcrumb"},"inLanguage":"fr-FR","potentialAction":[{"@type":"ReadAction","target":["https:\/\/alinea-avocats.eu\/fr\/actualite\/brussels-presents-the-digital-solutions-in-the-new-circular-economy-action-plan\/"]}]},{"@type":"BreadcrumbList","@id":"https:\/\/alinea-avocats.eu\/fr\/actualite\/brussels-presents-the-digital-solutions-in-the-new-circular-economy-action-plan\/#breadcrumb","itemListElement":[{"@type":"ListItem","position":1,"name":"Accueil","item":"https:\/\/alinea-avocats.eu\/fr\/"},{"@type":"ListItem","position":2,"name":"Brussels presents the digital solutions in the new Circular Economy Action Plan"}]},{"@type":"WebSite","@id":"https:\/\/alinea-avocats.eu\/fr\/#website","url":"https:\/\/alinea-avocats.eu\/fr\/","name":"Alinea, Avocats \u00e0 la Cour","description":"Avocats associ\u00e9s","publisher":{"@id":"https:\/\/alinea-avocats.eu\/fr\/#organization"},"potentialAction":[{"@type":"SearchAction","target":{"@type":"EntryPoint","urlTemplate":"https:\/\/alinea-avocats.eu\/fr\/?s={search_term_string}"},"query-input":{"@type":"PropertyValueSpecification","valueRequired":true,"valueName":"search_term_string"}}],"inLanguage":"fr-FR"},{"@type":"Organization","@id":"https:\/\/alinea-avocats.eu\/fr\/#organization","name":"Alinea, Avocats \u00e0 la Cour","url":"https:\/\/alinea-avocats.eu\/fr\/","logo":{"@type":"ImageObject","inLanguage":"fr-FR","@id":"https:\/\/alinea-avocats.eu\/fr\/#\/schema\/logo\/image\/","url":"https:\/\/alinea-avocats.eu\/wp-content\/uploads\/2023\/08\/AAA.png","contentUrl":"https:\/\/alinea-avocats.eu\/wp-content\/uploads\/2023\/08\/AAA.png","width":1145,"height":512,"caption":"Alinea, Avocats \u00e0 la Cour"},"image":{"@id":"https:\/\/alinea-avocats.eu\/fr\/#\/schema\/logo\/image\/"}},{"@type":"Person","@id":"https:\/\/alinea-avocats.eu\/fr\/#\/schema\/person\/cb71dc6f6be467cb2550059aa7cd1c49","name":"pierre.morrier@alinea-avocats.com","image":{"@type":"ImageObject","inLanguage":"fr-FR","@id":"https:\/\/alinea-avocats.eu\/fr\/#\/schema\/person\/image\/","url":"https:\/\/secure.gravatar.com\/avatar\/3aa545e0574edbc9840449c1c8ed20b263a94b536e7f60b184e4df897e5c635f?s=96&d=mm&r=g","contentUrl":"https:\/\/secure.gravatar.com\/avatar\/3aa545e0574edbc9840449c1c8ed20b263a94b536e7f60b184e4df897e5c635f?s=96&d=mm&r=g","caption":"pierre.morrier@alinea-avocats.com"}}]}},"tagsName":null,"truncatedText":"The plan first says that digital technologies can help reduce the environmental impact of other sectors. Then it lays out ways to address the growing waste problem of the tech sector itself.\r\n\r\nThe action plan is aimed at completely revamping the way that the&hellip;","dateFormatted":"11 mars 2020","_links":{"self":[{"href":"https:\/\/alinea-avocats.eu\/fr\/wp-json\/wp\/v2\/posts\/923","targetHints":{"allow":["GET"]}}],"collection":[{"href":"https:\/\/alinea-avocats.eu\/fr\/wp-json\/wp\/v2\/posts"}],"about":[{"href":"https:\/\/alinea-avocats.eu\/fr\/wp-json\/wp\/v2\/types\/post"}],"author":[{"embeddable":true,"href":"https:\/\/alinea-avocats.eu\/fr\/wp-json\/wp\/v2\/users\/3"}],"replies":[{"embeddable":true,"href":"https:\/\/alinea-avocats.eu\/fr\/wp-json\/wp\/v2\/comments?post=923"}],"version-history":[{"count":2,"href":"https:\/\/alinea-avocats.eu\/fr\/wp-json\/wp\/v2\/posts\/923\/revisions"}],"predecessor-version":[{"id":925,"href":"https:\/\/alinea-avocats.eu\/fr\/wp-json\/wp\/v2\/posts\/923\/revisions\/925"}],"wp:attachment":[{"href":"https:\/\/alinea-avocats.eu\/fr\/wp-json\/wp\/v2\/media?parent=923"}],"wp:term":[{"taxonomy":"category","embeddable":true,"href":"https:\/\/alinea-avocats.eu\/fr\/wp-json\/wp\/v2\/categories?post=923"},{"taxonomy":"post_tag","embeddable":true,"href":"https:\/\/alinea-avocats.eu\/fr\/wp-json\/wp\/v2\/tags?post=923"}],"curies":[{"name":"wp","href":"https:\/\/api.w.org\/{rel}","templated":true}]}}